{"id":1049,"date":"2009-10-21T08:25:00","date_gmt":"2009-10-21T08:25:00","guid":{"rendered":"http:\/\/www.toque-musicall.com\/?p=1049"},"modified":"2009-10-21T08:25:00","modified_gmt":"2009-10-21T08:25:00","slug":"roberto-luna-1977","status":"publish","type":"post","link":"https:\/\/www.toque-musicall.com\/?p=1049","title":{"rendered":"Roberto Luna (1977)"},"content":{"rendered":"<p><a href=\"http:\/\/2.bp.blogspot.com\/_DSKVEvHtskc\/St7Fvli3-hI\/AAAAAAAAFhQ\/E33ggK4ZLqs\/s1600-h\/rluna+P.JPG\"><img decoding=\"async\" style=\"display:block; margin:0px auto 10px; text-align:center;cursor:pointer; cursor:hand;width: 394px; height: 400px;\" src=\"http:\/\/2.bp.blogspot.com\/_DSKVEvHtskc\/St7Fvli3-hI\/AAAAAAAAFhQ\/E33ggK4ZLqs\/s400\/rluna+P.JPG\" border=\"0\" alt=\"\" id=\"BLOGGER_PHOTO_ID_5394966824959343122\" \/><\/a>Bom dia a todos! Estou aproveitando a semana para tamb\u00e9m atender alguns pedidos, que nunca saem na hora certa, mas que acabam aparecendo. \u00c9 s\u00f3 uma quest\u00e3o de paci\u00eancia. Nesse meio tempo, enquanto se espera, a gente vai ouvindo m\u00fasica \ud83d\ude42 Por falar em ouvir, quero dar uma sugest\u00e3o&#8230; Voc\u00eas j\u00e1 conhecem o <a href=\"http:\/\/armazemdasaudade.listen2myradio.com\/\">Armaz\u00e9m da Saudade<\/a>? \u00c9 uma <a href=\"http:\/\/armazemdasaudade.listen2myradio.com\/\">r\u00e1dio web<\/a> muito bacana, criada recentemente e com uma programa\u00e7\u00e3o musical primorosa, dedicada \u00e0 m\u00fasica popular brasileira, abrangendo os mais diversos estilos e \u00e9pocas. O <a href=\"http:\/\/armazemdasaudade.listen2myradio.com\/\">site<\/a> tem uma programa\u00e7\u00e3o musical perfeita, que combina bom gosto com qualidade. Quem ainda n\u00e3o conhece, depois do toque, n\u00e3o vai perder. Muito do que \u00e9 postado aqui tamb\u00e9m se escuta por l\u00e1. O Hugo est\u00e1 de parab\u00e9ns! No meu trabalho, eu e toda a turma j\u00e1 viramos ouvintes ass\u00edduos. \u00c9 ligar e deixar rolar. <\/p>\n<div>Bom, como eu dizia antes, estou atendendo \u00e0 pedidos e o de hoje vai para um de nossos amigos visitantes que havia solicitado este disco do Roberto Luna. Comemorando vinte anos de sucesso, o selo RGE da Fermata lan\u00e7ou em 1977 uma s\u00e9rie dedicada a alguns dos mais expressivos artistas que passaram pela gravadora. Me parece que esta s\u00e9rie de anivers\u00e1rio era composta por grandes nomes, como Chico Buarque, Silvio Caldas, Paulinho Nogueira, Helena de Lima, o maestro Pocho e Roberto Luna. Trata-se, obviamente, de colet\u00e2neas, com m\u00fasicas de sucesso desses artistas na RGE. O disco dedicado ao Roberto Luna re\u00fane m\u00fasicas gravadas por ele no per\u00edodo que vai de 1955 \u00e0 65. Temos aqui uma s\u00e9rie de boleros famosos e can\u00e7\u00f5es apaixonadas, com destaque para o grande Lupicinio Rodrigues. Serve para relembrar e curtir uma coisa, que hoje nem sei se existe mais,  &#8216;a dorzinha de cotovelo&#8217;. Confiram a\u00ed este toque, mas deixem o copo para depois das seis da tarde, ok? \ud83d\ude42<\/div>\n<div><\/div>\n<div style=\"text-align: center;\">vingan\u00e7a<\/div>\n<div style=\"text-align: center;\">hist\u00f3ria de um amor<\/div>\n<div style=\"text-align: center;\">nostalgias<\/div>\n<div style=\"text-align: center;\">confiss\u00e3o<\/div>\n<div style=\"text-align: center;\">rel\u00f3gio<\/div>\n<div style=\"text-align: center;\">seus olhos se cerraram<\/div>\n<div style=\"text-align: center;\">cadeira vazia<\/div>\n<div style=\"text-align: center;\">que murmurem<\/div>\n<div style=\"text-align: center;\">uma l\u00e1grima tua<\/div>\n<div style=\"text-align: center;\">castigo<\/div>\n<div style=\"text-align: center;\">wilma<\/div>\n<div style=\"text-align: center;\">o dia que me queiras<\/div>\n<div style=\"text-align: center;\"><\/div>\n<div style=\"text-align: center;\"><\/div>\n","protected":false},"excerpt":{"rendered":"<p>Bom dia a todos! Estou aproveitando a semana para tamb\u00e9m atender alguns pedidos, que nunca saem na hora certa, mas que acabam aparecendo. \u00c9 s\u00f3 uma quest\u00e3o de paci\u00eancia. Nesse meio tempo, enquanto se espera, a gente vai ouvindo m\u00fasica &hellip; <a href=\"https:\/\/www.toque-musicall.com\/?p=1049\">Continue lendo <span class=\"meta-nav\">&rarr;<\/span><\/a><\/p>\n","protected":false},"author":1,"featured_media":0,"comment_status":"open","ping_status":"closed","sticky":false,"template":"","format":"standard","meta":{"footnotes":""},"categories":[744],"tags":[],"class_list":["post-1049","post","type-post","status-publish","format-standard","hentry","category-roberto-luna"],"_links":{"self":[{"href":"https:\/\/www.toque-musicall.com\/index.php?rest_route=\/wp\/v2\/posts\/1049","targetHints":{"allow":["GET"]}}],"collection":[{"href":"https:\/\/www.toque-musicall.com\/index.php?rest_route=\/wp\/v2\/posts"}],"about":[{"href":"https:\/\/www.toque-musicall.com\/index.php?rest_route=\/wp\/v2\/types\/post"}],"author":[{"embeddable":true,"href":"https:\/\/www.toque-musicall.com\/index.php?rest_route=\/wp\/v2\/users\/1"}],"replies":[{"embeddable":true,"href":"https:\/\/www.toque-musicall.com\/index.php?rest_route=%2Fwp%2Fv2%2Fcomments&post=1049"}],"version-history":[{"count":0,"href":"https:\/\/www.toque-musicall.com\/index.php?rest_route=\/wp\/v2\/posts\/1049\/revisions"}],"wp:attachment":[{"href":"https:\/\/www.toque-musicall.com\/index.php?rest_route=%2Fwp%2Fv2%2Fmedia&parent=1049"}],"wp:term":[{"taxonomy":"category","embeddable":true,"href":"https:\/\/www.toque-musicall.com\/index.php?rest_route=%2Fwp%2Fv2%2Fcategories&post=1049"},{"taxonomy":"post_tag","embeddable":true,"href":"https:\/\/www.toque-musicall.com\/index.php?rest_route=%2Fwp%2Fv2%2Ftags&post=1049"}],"curies":[{"name":"wp","href":"https:\/\/api.w.org\/{rel}","templated":true}]}}