{"id":10496,"date":"2024-06-29T18:13:04","date_gmt":"2024-06-29T21:13:04","guid":{"rendered":"https:\/\/www.toque-musicall.com\/?p=10496"},"modified":"2024-06-29T18:13:04","modified_gmt":"2024-06-29T21:13:04","slug":"teo-azevedo-morte-de-vaqueiro-1979","status":"publish","type":"post","link":"https:\/\/www.toque-musicall.com\/?p=10496","title":{"rendered":"T\u00e9o Azevedo &#8211; Morte De Vaqueiro (1979)"},"content":{"rendered":"\n<figure class=\"wp-block-image size-large\"><img decoding=\"async\" src=\"https:\/\/blogger.googleusercontent.com\/img\/b\/R29vZ2xl\/AVvXsEgeP-etCzga1cHla2NRcur4TKvi71BvfXxkay-3NK4aOX65Lv-uXKlzXY4s5nTHkcw2kaOPysH9iLisNXVj6N_quG6s7LL3tkjoC_zH_f9UAB82664Hgvi3EbVv55G0-NoSVc0cJ-IPWdkwjyddPlOYjXda3K-m-lyGO5L-k8GGmtyptAcsIkZOOosezbEM\/w628-h640\/Capturar.JPG\" alt=\"\"\/><\/figure>\n\n\n\n<figure class=\"wp-block-image size-large\"><img decoding=\"async\" src=\"https:\/\/blogger.googleusercontent.com\/img\/b\/R29vZ2xl\/AVvXsEgn-HrJN9B5bLsPHFBH0xipn49-iZk7sMSMsyMeq2MjRW7XLR0Edbc9eG-rqkaXY002LeNxZcU5Q536Ux_K5UKBF17pB9hSqD0SUpOmCjvht1a42wgeIyc-FGJ7W2wUkL2jFePrQyhjoENkOxH3ZDrIwJ75owzKWRdZtVFcVpRw1WzfvWBHb26Ta3XWdi5X\/w640-h640\/Capturarb.JPG\" alt=\"\"\/><\/figure>\n\n\n<div class=\"separator\">Hav\u00edamos separado alguns discos de artistas que se foram recentemente, para postarmos aqui, mas por um mist\u00e9rio, a sele\u00e7\u00e3o dos lps j\u00e1 digitalizados, desapareceu. Ficou em algum pen-drive ou hd que n\u00e3o conseguimos achar. Assim sendo, vamos postando na medida em que lembrarmos&#8230;\u00a0<\/div>\n<div class=\"separator\">Aqui, T\u00e9o Azevedo, m\u00fasico mineiro, em um dos muitos lps que gravou e produziu. &#8220;Morte de Vaqueiro&#8221; foi um disco produzido e lan\u00e7ado de forma independente, em 79. Uma homenagem aos vaqueiros e seus aboios.<\/div>\n<div class=\"separator\">T\u00e8o Azevedo, faleceu em maio deste ano. Cantor, compositor, escritor, poeta, violeiro e produtor. Deixou uma infinidade de m\u00fasicas gravadas, coisas que ainda um dia veremos serem editadas e apresentadas ao grande p\u00fablico.<\/div>\n<div class=\"separator\">\u00a0<\/div>\n<div class=\"separator\">vaquejada pra rosinha<\/div>\n<div class=\"separator\">morte de vaqueiro<\/div>\n<div class=\"separator\">oboio do cantador izidoro<\/div>\n<div class=\"separator\">viagem ao cear\u00e1<\/div>\n<div class=\"separator\">vaqueiro jo\u00e3o grande<\/div>\n<div class=\"separator\">aboio em quadras do norte de minas<\/div>\n<div class=\"separator\">vaqueiro do nordeste<\/div>\n<div class=\"separator\">vaqueiro matuto<\/div>\n<div class=\"separator\">vaqueiro de p\u00e9 de serra<\/div>\n<div class=\"separator\">aboio puro<\/div>\n<div class=\"separator\">\u00a0<\/div>\n<div class=\"separator\">\u00a0<\/div>","protected":false},"excerpt":{"rendered":"<p>Hav\u00edamos separado alguns discos de artistas que se foram recentemente, para postarmos aqui, mas por um mist\u00e9rio, a sele\u00e7\u00e3o dos lps j\u00e1 digitalizados, desapareceu. Ficou em algum pen-drive ou hd que n\u00e3o conseguimos achar. Assim sendo, vamos postando na medida &hellip; <a href=\"https:\/\/www.toque-musicall.com\/?p=10496\">Continue lendo <span class=\"meta-nav\">&rarr;<\/span><\/a><\/p>\n","protected":false},"author":1,"featured_media":0,"comment_status":"closed","ping_status":"closed","sticky":false,"template":"","format":"standard","meta":{"footnotes":""},"categories":[1],"tags":[5697,3227],"class_list":["post-10496","post","type-post","status-publish","format-standard","hentry","category-sem-categoria","tag-selo-japoti","tag-teo-azevedo"],"_links":{"self":[{"href":"https:\/\/www.toque-musicall.com\/index.php?rest_route=\/wp\/v2\/posts\/10496","targetHints":{"allow":["GET"]}}],"collection":[{"href":"https:\/\/www.toque-musicall.com\/index.php?rest_route=\/wp\/v2\/posts"}],"about":[{"href":"https:\/\/www.toque-musicall.com\/index.php?rest_route=\/wp\/v2\/types\/post"}],"author":[{"embeddable":true,"href":"https:\/\/www.toque-musicall.com\/index.php?rest_route=\/wp\/v2\/users\/1"}],"replies":[{"embeddable":true,"href":"https:\/\/www.toque-musicall.com\/index.php?rest_route=%2Fwp%2Fv2%2Fcomments&post=10496"}],"version-history":[{"count":1,"href":"https:\/\/www.toque-musicall.com\/index.php?rest_route=\/wp\/v2\/posts\/10496\/revisions"}],"predecessor-version":[{"id":10497,"href":"https:\/\/www.toque-musicall.com\/index.php?rest_route=\/wp\/v2\/posts\/10496\/revisions\/10497"}],"wp:attachment":[{"href":"https:\/\/www.toque-musicall.com\/index.php?rest_route=%2Fwp%2Fv2%2Fmedia&parent=10496"}],"wp:term":[{"taxonomy":"category","embeddable":true,"href":"https:\/\/www.toque-musicall.com\/index.php?rest_route=%2Fwp%2Fv2%2Fcategories&post=10496"},{"taxonomy":"post_tag","embeddable":true,"href":"https:\/\/www.toque-musicall.com\/index.php?rest_route=%2Fwp%2Fv2%2Ftags&post=10496"}],"curies":[{"name":"wp","href":"https:\/\/api.w.org\/{rel}","templated":true}]}}