{"id":10498,"date":"2024-06-30T18:23:45","date_gmt":"2024-06-30T21:23:45","guid":{"rendered":"https:\/\/www.toque-musicall.com\/?p=10498"},"modified":"2024-07-01T18:33:23","modified_gmt":"2024-07-01T21:33:23","slug":"heraldo-do-monte-batida-diferente-1963","status":"publish","type":"post","link":"https:\/\/www.toque-musicall.com\/?p=10498","title":{"rendered":"Heraldo Do Monte &#8211; Batida Diferente (1963)"},"content":{"rendered":"\n<figure class=\"wp-block-image size-large\"><img decoding=\"async\" src=\"https:\/\/blogger.googleusercontent.com\/img\/b\/R29vZ2xl\/AVvXsEia6VXAj0zZK-k0GmU4GsHoN3LRpSl31ymfajhUrl2PZOMXhqUR6qYz07hzPScYqzeDpFCV3TgBbhiKJ3Ge3ANsz7kuyXDTAfh-agFOHXd7vVKTULeSGwzhZCN0tvXdAKJkGwyPIfYpDlRPI12BmWESm6K4sDm90Zc3kRdZVHp90rLFy14E2z-C70skn1H_\/w640-h630\/Capturar.JPG\" alt=\"\"\/><\/figure>\n\n\n\n<figure class=\"wp-block-image size-large\"><img decoding=\"async\" src=\"https:\/\/blogger.googleusercontent.com\/img\/b\/R29vZ2xl\/AVvXsEhIj1v2MfUmVEe-fXnpm1MVwpPvU7T6ZXj62REa56C0Se4ry0JlmrN4bZ64KpkkBzlIew4aDSLVmDJZwF1gbDLifEtiqI9C7zcO7o-LRA2uPzDbU8m1IxYzqbu3Wltk3-UXBCcrF60kqvkeSC-N8o30Z4yxNsjC8Wb7OcGR55PzH0i_c8WhqxQ_L1wMy2cd\/w640-h630\/CapturarB.JPG\" alt=\"\"\/><\/figure>\n\n\n<div class=\"separator\">Temos hoje, o violonista e compositor Heraldo do Monte em disco lan\u00e7ado pela RCA Camden, em 1963. Curiosidade observar que poucos s\u00e3o os discos dessa safra, pelo menos por aqui no Toque Musical. Anos \u00edmpar, em geral parece serem per\u00edodos de entressafra para a ind\u00fastria fonogr\u00e1fica.<\/div>\n<div class=\"separator\">Mas aqui temos este, &#8220;Batida Diferente&#8221;, um disco de samba instrumental, bossanov\u00edssimo, moderno com este repert\u00f3rio que n\u00e3o deixa nada a desejar&#8230;<\/div>\n<div class=\"separator\">\u00a0<\/div>\n<div class=\"separator\">samba de pizzicato<\/div>\n<div class=\"separator\">rapaz de bem<\/div>\n<div class=\"separator\">ra\u00edzes<\/div>\n<div class=\"separator\">amor e paz<\/div>\n<div class=\"separator\">z\u00e9 de concei\u00e7\u00e3o<\/div>\n<div class=\"separator\">maria ningu\u00e9m<\/div>\n<div class=\"separator\">feio n\u00e3o \u00e9 bonito<\/div>\n<div class=\"separator\">batida diferente<\/div>\n<div class=\"separator\">je ne sais pas pourquoi<\/div>\n<div class=\"separator\">eu sei que vou te amar<\/div>\n<div class=\"separator\">c\u00e9u e mar<\/div>\n<div class=\"separator\">tamanco no samba<\/div>\n<div class=\"separator\">\u00a0<\/div>\n<div class=\"separator\">\u00a0<\/div>\n<div class=\"separator\">.\u00a0<\/div>","protected":false},"excerpt":{"rendered":"<p>Temos hoje, o violonista e compositor Heraldo do Monte em disco lan\u00e7ado pela RCA Camden, em 1963. Curiosidade observar que poucos s\u00e3o os discos dessa safra, pelo menos por aqui no Toque Musical. Anos \u00edmpar, em geral parece serem per\u00edodos &hellip; <a href=\"https:\/\/www.toque-musicall.com\/?p=10498\">Continue lendo <span class=\"meta-nav\">&rarr;<\/span><\/a><\/p>\n","protected":false},"author":1,"featured_media":0,"comment_status":"closed","ping_status":"closed","sticky":false,"template":"","format":"standard","meta":{"footnotes":""},"categories":[1],"tags":[3973,3204],"class_list":["post-10498","post","type-post","status-publish","format-standard","hentry","category-sem-categoria","tag-heraldo-do-monte","tag-selo-rca-camden"],"_links":{"self":[{"href":"https:\/\/www.toque-musicall.com\/index.php?rest_route=\/wp\/v2\/posts\/10498","targetHints":{"allow":["GET"]}}],"collection":[{"href":"https:\/\/www.toque-musicall.com\/index.php?rest_route=\/wp\/v2\/posts"}],"about":[{"href":"https:\/\/www.toque-musicall.com\/index.php?rest_route=\/wp\/v2\/types\/post"}],"author":[{"embeddable":true,"href":"https:\/\/www.toque-musicall.com\/index.php?rest_route=\/wp\/v2\/users\/1"}],"replies":[{"embeddable":true,"href":"https:\/\/www.toque-musicall.com\/index.php?rest_route=%2Fwp%2Fv2%2Fcomments&post=10498"}],"version-history":[{"count":1,"href":"https:\/\/www.toque-musicall.com\/index.php?rest_route=\/wp\/v2\/posts\/10498\/revisions"}],"predecessor-version":[{"id":10499,"href":"https:\/\/www.toque-musicall.com\/index.php?rest_route=\/wp\/v2\/posts\/10498\/revisions\/10499"}],"wp:attachment":[{"href":"https:\/\/www.toque-musicall.com\/index.php?rest_route=%2Fwp%2Fv2%2Fmedia&parent=10498"}],"wp:term":[{"taxonomy":"category","embeddable":true,"href":"https:\/\/www.toque-musicall.com\/index.php?rest_route=%2Fwp%2Fv2%2Fcategories&post=10498"},{"taxonomy":"post_tag","embeddable":true,"href":"https:\/\/www.toque-musicall.com\/index.php?rest_route=%2Fwp%2Fv2%2Ftags&post=10498"}],"curies":[{"name":"wp","href":"https:\/\/api.w.org\/{rel}","templated":true}]}}