{"id":105,"date":"2012-03-28T12:22:00","date_gmt":"2012-03-28T12:22:00","guid":{"rendered":"http:\/\/www.toque-musicall.com\/?p=105"},"modified":"2012-03-28T12:22:00","modified_gmt":"2012-03-28T12:22:00","slug":"noite-ilustrada-1976","status":"publish","type":"post","link":"https:\/\/www.toque-musicall.com\/?p=105","title":{"rendered":"Noite Ilustrada (1976)"},"content":{"rendered":"<div style=\"clear: both; text-align: center;\"><a href=\"http:\/\/3.bp.blogspot.com\/-D-Z2bcXuhXg\/T58lNLELrhI\/AAAAAAAABzo\/D2_jMO82R14\/s1600\/noite+P.JPG\" style=\"margin-left: 1em; margin-right: 1em;\"><img loading=\"lazy\" decoding=\"async\" border=\"0\" height=\"396\" src=\"http:\/\/3.bp.blogspot.com\/-D-Z2bcXuhXg\/T58lNLELrhI\/AAAAAAAABzo\/D2_jMO82R14\/s400\/noite+P.JPG\" width=\"400\" \/><\/a><\/div>\n<div style=\"clear: both; text-align: center;\"><a href=\"http:\/\/4.bp.blogspot.com\/-rLHJqSGGLx8\/T58lBbbW5jI\/AAAAAAAABzg\/tofUDybGEls\/s1600\/noite+Bp.JPG\" style=\"margin-left: 1em; margin-right: 1em;\"><img loading=\"lazy\" decoding=\"async\" border=\"0\" height=\"400\" src=\"http:\/\/4.bp.blogspot.com\/-rLHJqSGGLx8\/T58lBbbW5jI\/AAAAAAAABzg\/tofUDybGEls\/s400\/noite+Bp.JPG\" width=\"392\" \/><\/a><\/div>\n<div style=\"clear: both; text-align: left;\"><\/div>\n<div style=\"margin-bottom: 0px; margin-left: 0px; margin-right: 0px; margin-top: 0px;\">Boa tarde, amigos cultos, ocultos e associados! Hoje o dia est\u00e1 &#8216;punk&#8217;, muita coisa para fazer e pouco tempo para o blog. Ainda bem que eu tenho uma boa reserva de sambas na minha gaveta, o que alivia em muito o meu trabalho e tempo de postagem.<\/div>\n<div>\n<div style=\"margin-bottom: 0px; margin-left: 0px; margin-right: 0px; margin-top: 0px;\">Segue aqui mais um \u00e1lbum do Noite Ilustrada, este gravado originalmente nos anos 70 (75 ou 76), relan\u00e7ado nos anos 80 pela Sigla. Neste \u00e1lbum vamos encontrar sambas de Ary Barroso, Adauto Santos, Agep\u00ea, Herivelto Martins, Noel, Geraldo Filme e outros. Um disco bem setent\u00e3o mesclado com muita coisa boa e sucessos do passado. Este eu ainda n\u00e3o vi em outras fontes. Vamos conferir? V\u00e3o da\u00ed que eu de c\u00e1 vou voltando para a labuta (s\u00f3 no sapatinho&#8230;) \ud83d\ude09<\/div>\n<\/div>\n<div style=\"margin-bottom: 0px; margin-left: 0px; margin-right: 0px; margin-top: 0px;\"><\/div>\n<div style=\"text-align: center;\">\n<div style=\"margin-bottom: 0px; margin-left: 0px; margin-right: 0px; margin-top: 0px;\">velho companheiro<\/div>\n<\/div>\n<div style=\"text-align: center;\">\n<div style=\"margin-bottom: 0px; margin-left: 0px; margin-right: 0px; margin-top: 0px;\">nasci no morro<\/div>\n<\/div>\n<div style=\"text-align: center;\">\n<div style=\"margin-bottom: 0px; margin-left: 0px; margin-right: 0px; margin-top: 0px;\">o carioca<\/div>\n<\/div>\n<div style=\"text-align: center;\">\n<div style=\"margin-bottom: 0px; margin-left: 0px; margin-right: 0px; margin-top: 0px;\">prefiro ficar com maria<\/div>\n<\/div>\n<div style=\"text-align: center;\">\n<div style=\"margin-bottom: 0px; margin-left: 0px; margin-right: 0px; margin-top: 0px;\">chora viola<\/div>\n<\/div>\n<div style=\"text-align: center;\">\n<div style=\"margin-bottom: 0px; margin-left: 0px; margin-right: 0px; margin-top: 0px;\">mo\u00e7a crian\u00e7a<\/div>\n<\/div>\n<div style=\"text-align: center;\">\n<div style=\"margin-bottom: 0px; margin-left: 0px; margin-right: 0px; margin-top: 0px;\">laurindo<\/div>\n<\/div>\n<div style=\"text-align: center;\">\n<div style=\"margin-bottom: 0px; margin-left: 0px; margin-right: 0px; margin-top: 0px;\">n\u00e3o deixa o samba morrer<\/div>\n<\/div>\n<div style=\"text-align: center;\">\n<div style=\"margin-bottom: 0px; margin-left: 0px; margin-right: 0px; margin-top: 0px;\">me esque\u00e7a<\/div>\n<\/div>\n<div style=\"text-align: center;\">\n<div style=\"margin-bottom: 0px; margin-left: 0px; margin-right: 0px; margin-top: 0px;\">assombra\u00e7\u00f5es do recife antigo<\/div>\n<\/div>\n<div style=\"text-align: center;\">\n<div style=\"margin-bottom: 0px; margin-left: 0px; margin-right: 0px; margin-top: 0px;\">pra esquecer<\/div>\n<\/div>\n<div style=\"text-align: center;\">\n<div style=\"margin-bottom: 0px; margin-left: 0px; margin-right: 0px; margin-top: 0px;\">cravo vermelho<\/div>\n<\/div>\n<div style=\"text-align: center;\">\n<div style=\"margin-bottom: 0px; margin-left: 0px; margin-right: 0px; margin-top: 0px;\">encontro<\/div>\n<\/div>\n","protected":false},"excerpt":{"rendered":"<p>Boa tarde, amigos cultos, ocultos e associados! Hoje o dia est\u00e1 &#8216;punk&#8217;, muita coisa para fazer e pouco tempo para o blog. Ainda bem que eu tenho uma boa reserva de sambas na minha gaveta, o que alivia em muito &hellip; <a href=\"https:\/\/www.toque-musicall.com\/?p=105\">Continue lendo <span class=\"meta-nav\">&rarr;<\/span><\/a><\/p>\n","protected":false},"author":1,"featured_media":0,"comment_status":"open","ping_status":"closed","sticky":false,"template":"","format":"standard","meta":{"footnotes":""},"categories":[194,195],"tags":[],"class_list":["post-105","post","type-post","status-publish","format-standard","hentry","category-noite-ilustrada","category-selo-tapecar"],"_links":{"self":[{"href":"https:\/\/www.toque-musicall.com\/index.php?rest_route=\/wp\/v2\/posts\/105","targetHints":{"allow":["GET"]}}],"collection":[{"href":"https:\/\/www.toque-musicall.com\/index.php?rest_route=\/wp\/v2\/posts"}],"about":[{"href":"https:\/\/www.toque-musicall.com\/index.php?rest_route=\/wp\/v2\/types\/post"}],"author":[{"embeddable":true,"href":"https:\/\/www.toque-musicall.com\/index.php?rest_route=\/wp\/v2\/users\/1"}],"replies":[{"embeddable":true,"href":"https:\/\/www.toque-musicall.com\/index.php?rest_route=%2Fwp%2Fv2%2Fcomments&post=105"}],"version-history":[{"count":0,"href":"https:\/\/www.toque-musicall.com\/index.php?rest_route=\/wp\/v2\/posts\/105\/revisions"}],"wp:attachment":[{"href":"https:\/\/www.toque-musicall.com\/index.php?rest_route=%2Fwp%2Fv2%2Fmedia&parent=105"}],"wp:term":[{"taxonomy":"category","embeddable":true,"href":"https:\/\/www.toque-musicall.com\/index.php?rest_route=%2Fwp%2Fv2%2Fcategories&post=105"},{"taxonomy":"post_tag","embeddable":true,"href":"https:\/\/www.toque-musicall.com\/index.php?rest_route=%2Fwp%2Fv2%2Ftags&post=105"}],"curies":[{"name":"wp","href":"https:\/\/api.w.org\/{rel}","templated":true}]}}