{"id":10509,"date":"2024-07-05T20:13:36","date_gmt":"2024-07-05T23:13:36","guid":{"rendered":"https:\/\/www.toque-musicall.com\/?p=10509"},"modified":"2024-07-07T20:15:29","modified_gmt":"2024-07-07T23:15:29","slug":"sonia-santos-crioula-1977","status":"publish","type":"post","link":"https:\/\/www.toque-musicall.com\/?p=10509","title":{"rendered":"Sonia Santos &#8211; Crioula (1977)"},"content":{"rendered":"\n<figure class=\"wp-block-image size-large\"><img decoding=\"async\" src=\"https:\/\/blogger.googleusercontent.com\/img\/b\/R29vZ2xl\/AVvXsEj9aKgahqlayePJPmWb0DuV7T6RkEIZGQTX8zspV-r4PKO400sNxdu3PGmi2SFQfrUCQEEhK31JmE22VPTcY75_3WSkNRsZ7Xu8_bd7quXSbVdzI_hebJfKIPHT9907Upw_ybg3KwteJmJBR3ZJBGuKHB8_zq7seGgR-6xnUO8PMoeUrP4bANUFgj-N6IJA\/w640-h638\/capa.jpg\" alt=\"\"\/><\/figure>\n\n\n\n<figure class=\"wp-block-image size-large\"><img decoding=\"async\" src=\"https:\/\/blogger.googleusercontent.com\/img\/b\/R29vZ2xl\/AVvXsEjjxfiT5fJ7IYPhiEYu2E9DOCVzZm2BOyb-s0NLWnRxmKl0fWo-JA6xDlT5i5LhJvK7DjwQ5pIYIfWAnbJUsDiTt4ri5T4ibLYmlVtt3xt-TGiOecmQVDRJtHwezx9lA_6yhW-oEJxXM8Gxpsd4TwXhnLxzG9CJg5EtWIw_oTATcLTxShPANOp_0dkMlWpc\/w640-h636\/contra.jpg\" alt=\"\"\/><\/figure>\n\n\n<div class=\"separator\">Mais uma S\u00f4nia, aproveitando o ensejo&#8230; Desta vez, S\u00f4nia Santos, cantora e compositora em seu segundo \u00e1lbum, lan\u00e7ado pela Som Livre, em 1977. Seu primeiro disco foi lan\u00e7ado em 75, tamb\u00e9m pela Som Livre, com a promessa de uma nova cantora de samba. Na \u00e9poca, as cantoras de samba estavam fazendo muito sucesso. S\u00f4nia Santos j\u00e1 era conhecida do p\u00fablico atrav\u00e9s de outras m\u00fasicas que gravou dentro das trilhas de novelas como &#8220;O Espig\u00e3o&#8221; e &#8220;O Rebu&#8221;, todas de 74. S\u00f4nia viria a lan\u00e7ar mais um disco, o seu terceiro lp, o &#8220;Brasileirinha&#8221;, em 1982 e da\u00ed seguiria carreira nos Estados Unidos, onde parece viver at\u00e9 hoje. De todos os discos gravados por ela aqui, n\u00e3o h\u00e1 um que se possa dizer ser um disco fraco, muito pelo contr\u00e1rio, todos, trabalhos de excel\u00eancia, tanto na escolha de repert\u00f3rio quanto nos arranjos e instrumenta\u00e7\u00e3o. Seus discos continuam modernos, alguns foram relan\u00e7ados inclusive no exterior.<\/div>\n<div class=\"separator\">\u00a0<\/div>\n<div class=\"separator\">a lavadeira<\/div>\n<div class=\"separator\">quando nasce o filho de um sambista<\/div>\n<div class=\"separator\">a pol\u00edcia bateu<\/div>\n<div class=\"separator\">o bom malandro<\/div>\n<div class=\"separator\">n\u00e3o falo em viola<\/div>\n<div class=\"separator\">fracassos<\/div>\n<div class=\"separator\">crioula<\/div>\n<div class=\"separator\">retrato oficial<\/div>\n<div class=\"separator\">dist\u00e2ncia<\/div>\n<div class=\"separator\">afinal eu encontrei<\/div>\n<div class=\"separator\">ta\u00ed a hist\u00f3ria pra mostrar<\/div>\n<div class=\"separator\">jo\u00e3o ningu\u00e9m<\/div>\n<div class=\"separator\">\u00a0<\/div>\n<div class=\"separator\">\u00a0<\/div>\n<div class=\"separator\">.<\/div>","protected":false},"excerpt":{"rendered":"<p>Mais uma S\u00f4nia, aproveitando o ensejo&#8230; Desta vez, S\u00f4nia Santos, cantora e compositora em seu segundo \u00e1lbum, lan\u00e7ado pela Som Livre, em 1977. Seu primeiro disco foi lan\u00e7ado em 75, tamb\u00e9m pela Som Livre, com a promessa de uma nova &hellip; <a href=\"https:\/\/www.toque-musicall.com\/?p=10509\">Continue lendo <span class=\"meta-nav\">&rarr;<\/span><\/a><\/p>\n","protected":false},"author":1,"featured_media":0,"comment_status":"closed","ping_status":"closed","sticky":false,"template":"","format":"standard","meta":{"footnotes":""},"categories":[1],"tags":[3037,5700],"class_list":["post-10509","post","type-post","status-publish","format-standard","hentry","category-sem-categoria","tag-selo-som-livre","tag-sonia-santos"],"_links":{"self":[{"href":"https:\/\/www.toque-musicall.com\/index.php?rest_route=\/wp\/v2\/posts\/10509","targetHints":{"allow":["GET"]}}],"collection":[{"href":"https:\/\/www.toque-musicall.com\/index.php?rest_route=\/wp\/v2\/posts"}],"about":[{"href":"https:\/\/www.toque-musicall.com\/index.php?rest_route=\/wp\/v2\/types\/post"}],"author":[{"embeddable":true,"href":"https:\/\/www.toque-musicall.com\/index.php?rest_route=\/wp\/v2\/users\/1"}],"replies":[{"embeddable":true,"href":"https:\/\/www.toque-musicall.com\/index.php?rest_route=%2Fwp%2Fv2%2Fcomments&post=10509"}],"version-history":[{"count":1,"href":"https:\/\/www.toque-musicall.com\/index.php?rest_route=\/wp\/v2\/posts\/10509\/revisions"}],"predecessor-version":[{"id":10510,"href":"https:\/\/www.toque-musicall.com\/index.php?rest_route=\/wp\/v2\/posts\/10509\/revisions\/10510"}],"wp:attachment":[{"href":"https:\/\/www.toque-musicall.com\/index.php?rest_route=%2Fwp%2Fv2%2Fmedia&parent=10509"}],"wp:term":[{"taxonomy":"category","embeddable":true,"href":"https:\/\/www.toque-musicall.com\/index.php?rest_route=%2Fwp%2Fv2%2Fcategories&post=10509"},{"taxonomy":"post_tag","embeddable":true,"href":"https:\/\/www.toque-musicall.com\/index.php?rest_route=%2Fwp%2Fv2%2Ftags&post=10509"}],"curies":[{"name":"wp","href":"https:\/\/api.w.org\/{rel}","templated":true}]}}