{"id":10513,"date":"2024-07-07T20:29:58","date_gmt":"2024-07-07T23:29:58","guid":{"rendered":"https:\/\/www.toque-musicall.com\/?p=10513"},"modified":"2024-07-07T20:29:58","modified_gmt":"2024-07-07T23:29:58","slug":"laercio-de-freitas-e-o-som-roceiro-1972","status":"publish","type":"post","link":"https:\/\/www.toque-musicall.com\/?p=10513","title":{"rendered":"Laercio De Freitas E O Som Roceiro (1972)"},"content":{"rendered":"\n<figure class=\"wp-block-image size-large\"><img decoding=\"async\" src=\"https:\/\/blogger.googleusercontent.com\/img\/b\/R29vZ2xl\/AVvXsEjN0zFJcwuqsZux16ioRYFYcQLSzDYWbQM1y23igs2cs1T7yrUnsYqpJTmiPDPikiHwGjGZsz6RCWDaqf4OrW2_o_QSgDKZMzEldoigRatFDpxPfJVFId38e3LHRaFtCoSRvKb_9t956UrvJn7a7RRMQOQxbMsyyB9Vjot8nNJdq4ui5AOttgDgvFjltBhO\/w636-h640\/Capturar.JPG\" alt=\"\"\/><\/figure>\n\n\n\n<figure class=\"wp-block-image size-large\"><img decoding=\"async\" src=\"https:\/\/blogger.googleusercontent.com\/img\/b\/R29vZ2xl\/AVvXsEjXG8Anm96WvnBZy7IFdrI9JqkmB3MCUNdxJA_-ROSuhqY73gOnvLwr-rkqHucuDm6epnL3nSQEvLNFA8UiAHRAOOoXAWYiT6yqvBTwMeZowW8UOiFYJ9iVJwr-9rdUZNzTfou-Ww0GUS6VP8QeQ27PJ5v_GAz25ONa9vGmBfdourAi6qZsv28_A-41OTL4\/w630-h640\/Capturarb.JPG\" alt=\"\"\/><\/figure>\n\n\n<div class=\"separator\">H\u00e1 dois dias atr\u00e1s perdemos La\u00e9rcio de Freitas, m\u00fasico, pianista, compositor, arranjador, maestro e tamb\u00e9m ator. Um artista de grande talento que iniciou sua carreira nos anos 60 atuando, inclusive, internacionalmente. Trabalhou com o Tamba 4, Luiz Carlos Vinhas, Jo\u00e3o Donato, Orquestra Tabajara e Sexteto de Radam\u00e9s Gnatalli. Acompanhou diversos outros artistas da m\u00fasica popular brasileiro. Atuou em programas de tv e tamb\u00e9m como ator em novelas da Rede Globo. Premiado tamb\u00e9m como compositor de trilhas para o cinema. Era pai da atriz Thalma de Freitas.\u00a0<\/div>\n<div class=\"separator\">Aqui, temos dele o primeiro lp, lan\u00e7ado em 1972 pelo selo CID. Na \u00e9poca do lan\u00e7amento o disco conseguiu se destacar por conta da m\u00fasica &#8220;Capim gordura&#8221; que tocou bastante nas r\u00e1dios. A m\u00fasica j\u00e1 havia sido gravada por ele anteriormente em um compacto e neste lp recebe uma regrava\u00e7\u00e3o. Este lp parece que foi relan\u00e7ado em vers\u00e3o cd h\u00e1 algum tempo atr\u00e1s, redescoberto pelas novas gera\u00e7\u00f5es e por colecionadores e especuladores de vinil que cobram caro por um exemplar em bom estado.<\/div>\n<div class=\"separator\">\u00a0<\/div>\n<div class=\"separator\">manny blue<\/div>\n<div class=\"separator\">de sentir saudade<\/div>\n<div class=\"separator\">capim gordura<\/div>\n<div class=\"separator\">catarina<\/div>\n<div class=\"separator\">pirambieira<\/div>\n<div class=\"separator\">pont\u00e3o da serra<\/div>\n<div class=\"separator\">al\u00f4 al\u00f4<\/div>\n<div class=\"separator\">chuva suor e cerveja<\/div>\n<div class=\"separator\">brioso<\/div>\n<div class=\"separator\">rastap\u00e9<\/div>\n<div class=\"separator\">fogo-pago<\/div>\n<div class=\"separator\">\u00a0<\/div>\n<div class=\"separator\">\u00a0<\/div>","protected":false},"excerpt":{"rendered":"<p>H\u00e1 dois dias atr\u00e1s perdemos La\u00e9rcio de Freitas, m\u00fasico, pianista, compositor, arranjador, maestro e tamb\u00e9m ator. Um artista de grande talento que iniciou sua carreira nos anos 60 atuando, inclusive, internacionalmente. Trabalhou com o Tamba 4, Luiz Carlos Vinhas, Jo\u00e3o &hellip; <a href=\"https:\/\/www.toque-musicall.com\/?p=10513\">Continue lendo <span class=\"meta-nav\">&rarr;<\/span><\/a><\/p>\n","protected":false},"author":1,"featured_media":0,"comment_status":"closed","ping_status":"closed","sticky":false,"template":"","format":"standard","meta":{"footnotes":""},"categories":[1],"tags":[3850,3727],"class_list":["post-10513","post","type-post","status-publish","format-standard","hentry","category-sem-categoria","tag-laercio-de-freitas","tag-selo-cid"],"_links":{"self":[{"href":"https:\/\/www.toque-musicall.com\/index.php?rest_route=\/wp\/v2\/posts\/10513","targetHints":{"allow":["GET"]}}],"collection":[{"href":"https:\/\/www.toque-musicall.com\/index.php?rest_route=\/wp\/v2\/posts"}],"about":[{"href":"https:\/\/www.toque-musicall.com\/index.php?rest_route=\/wp\/v2\/types\/post"}],"author":[{"embeddable":true,"href":"https:\/\/www.toque-musicall.com\/index.php?rest_route=\/wp\/v2\/users\/1"}],"replies":[{"embeddable":true,"href":"https:\/\/www.toque-musicall.com\/index.php?rest_route=%2Fwp%2Fv2%2Fcomments&post=10513"}],"version-history":[{"count":1,"href":"https:\/\/www.toque-musicall.com\/index.php?rest_route=\/wp\/v2\/posts\/10513\/revisions"}],"predecessor-version":[{"id":10514,"href":"https:\/\/www.toque-musicall.com\/index.php?rest_route=\/wp\/v2\/posts\/10513\/revisions\/10514"}],"wp:attachment":[{"href":"https:\/\/www.toque-musicall.com\/index.php?rest_route=%2Fwp%2Fv2%2Fmedia&parent=10513"}],"wp:term":[{"taxonomy":"category","embeddable":true,"href":"https:\/\/www.toque-musicall.com\/index.php?rest_route=%2Fwp%2Fv2%2Fcategories&post=10513"},{"taxonomy":"post_tag","embeddable":true,"href":"https:\/\/www.toque-musicall.com\/index.php?rest_route=%2Fwp%2Fv2%2Ftags&post=10513"}],"curies":[{"name":"wp","href":"https:\/\/api.w.org\/{rel}","templated":true}]}}