{"id":10517,"date":"2024-07-09T08:30:10","date_gmt":"2024-07-09T11:30:10","guid":{"rendered":"https:\/\/www.toque-musicall.com\/?p=10517"},"modified":"2024-07-10T08:32:42","modified_gmt":"2024-07-10T11:32:42","slug":"carlos-lacerda-um-piano-da-bahia-1963","status":"publish","type":"post","link":"https:\/\/www.toque-musicall.com\/?p=10517","title":{"rendered":"Carlos Lacerda &#8211; Um Piano Da Bahia (1963)"},"content":{"rendered":"\n<figure class=\"wp-block-image size-large\"><img decoding=\"async\" src=\"https:\/\/blogger.googleusercontent.com\/img\/b\/R29vZ2xl\/AVvXsEiCrskff6wcHVVPOIdh6jsPBGPo5aHMgIoSOPQo6qm7v7Iv1b_XkiWvvUYYM0_HQP8JaTQvyGkkvOSAGuVx9chyphenhyphenfBBmw4CkOlix7RhCZvNMzN5WsC8WgYLXePcd-ol_bd9JSADRdEtWHljXsLQ4PHrTmhee_uEoTjcRQF-2-7XJZ60XffqnO2jQK6Gsh_Ra\/w640-h626\/Capturar.JPG\" alt=\"\"\/><\/figure>\n\n\n\n<figure class=\"wp-block-image size-large\"><img decoding=\"async\" src=\"https:\/\/blogger.googleusercontent.com\/img\/b\/R29vZ2xl\/AVvXsEhlwbQoDITvIlkakjOxTjWmAn-4_hLQlgQiGkbSIneEpivCWr4BcqphIC5OJ5a7eCtK_FjovCswA_e1qK-ImmhFT6OxvDUtGF8bTMFZ0ujEaQ6ScHviLhRzzUFHl8zpJ_tnKjjpe61kDqnKFUZIluWTp5cto0L-e8Mtm2UF7DnZc7bcIZJ8unt8DE1SktCk\/w640-h624\/Capturarb.JPG\" alt=\"\"\/><\/figure>\n\n\n<div class=\"separator\">Mais uma vez, marcando ponto aqui no nosso Toque Musical, o pianista baiano Lacerda, ou ainda, Carlos Lacerda. Acredito que ele tenha adotado neste disco, artisticamente, apenas o sobrenome para n\u00e3o ser confundido com o Carlos Lacerda, implac\u00e1vel jornalista e pol\u00edtico da antiga UDN dos anos 50. Pois este segundo tamb\u00e9m usou da fonografia um recurso para as suas campanhas pol\u00edticas. Por sinal, temos no TM uns dois discos gravados por ele (curiosidades que s\u00f3 se v\u00ea por aqui).<\/div>\n<div class=\"separator\">Carlos Alberto Freitas de Lacerda foi um pianista, compositor, maestro e arranjador baiano que atuou nos anos 50 e 60 na r\u00e1dios, em especial a R\u00e1dio Sociedade da Bahia. Foi diretor musical da lend\u00e1ria gravadora JS (Jorge Santos) e tamb\u00e9m trabalhou para a TV Itapoan. Aqui temos ele neste lp lan\u00e7ado pela Audio Fidelity, em 1963. Neste disco ele vem acompanhado de orquestra. O repert\u00f3rio se divide entre temas autorais, carnavalescos e outros, de outros compositores, naturalmente j\u00e1 conhecidos pelo p\u00fablico.<\/div>\n<div class=\"separator\">\u00a0<\/div>\n<div class=\"separator\">hino ao carnaval brasileiro<\/div>\n<div class=\"separator\">p\u00f3 de mico<\/div>\n<div class=\"separator\">recordar<\/div>\n<div class=\"separator\">colombina<\/div>\n<div class=\"separator\">a lua \u00e9 camarada<\/div>\n<div class=\"separator\">prel\u00fadio para ninar gente grande<\/div>\n<div class=\"separator\">tim dom<\/div>\n<div class=\"separator\">barquinho<\/div>\n<div class=\"separator\">chora cora\u00e7\u00e3o<\/div>\n<div class=\"separator\">improviso na sala tr\u00eas<\/div>\n<div class=\"separator\">pequenina<\/div>\n<div class=\"separator\">can\u00e7\u00e3o do amor que se vai<\/div>\n<div class=\"separator\">\u00a0<\/div>\n<div>\u00a0<\/div>","protected":false},"excerpt":{"rendered":"<p>Mais uma vez, marcando ponto aqui no nosso Toque Musical, o pianista baiano Lacerda, ou ainda, Carlos Lacerda. Acredito que ele tenha adotado neste disco, artisticamente, apenas o sobrenome para n\u00e3o ser confundido com o Carlos Lacerda, implac\u00e1vel jornalista e &hellip; <a href=\"https:\/\/www.toque-musicall.com\/?p=10517\">Continue lendo <span class=\"meta-nav\">&rarr;<\/span><\/a><\/p>\n","protected":false},"author":1,"featured_media":0,"comment_status":"closed","ping_status":"closed","sticky":false,"template":"","format":"standard","meta":{"footnotes":""},"categories":[1],"tags":[5703,5704,3670],"class_list":["post-10517","post","type-post","status-publish","format-standard","hentry","category-sem-categoria","tag-carlos-lacerda","tag-lacerda","tag-selo-audio-fidelity"],"_links":{"self":[{"href":"https:\/\/www.toque-musicall.com\/index.php?rest_route=\/wp\/v2\/posts\/10517","targetHints":{"allow":["GET"]}}],"collection":[{"href":"https:\/\/www.toque-musicall.com\/index.php?rest_route=\/wp\/v2\/posts"}],"about":[{"href":"https:\/\/www.toque-musicall.com\/index.php?rest_route=\/wp\/v2\/types\/post"}],"author":[{"embeddable":true,"href":"https:\/\/www.toque-musicall.com\/index.php?rest_route=\/wp\/v2\/users\/1"}],"replies":[{"embeddable":true,"href":"https:\/\/www.toque-musicall.com\/index.php?rest_route=%2Fwp%2Fv2%2Fcomments&post=10517"}],"version-history":[{"count":1,"href":"https:\/\/www.toque-musicall.com\/index.php?rest_route=\/wp\/v2\/posts\/10517\/revisions"}],"predecessor-version":[{"id":10518,"href":"https:\/\/www.toque-musicall.com\/index.php?rest_route=\/wp\/v2\/posts\/10517\/revisions\/10518"}],"wp:attachment":[{"href":"https:\/\/www.toque-musicall.com\/index.php?rest_route=%2Fwp%2Fv2%2Fmedia&parent=10517"}],"wp:term":[{"taxonomy":"category","embeddable":true,"href":"https:\/\/www.toque-musicall.com\/index.php?rest_route=%2Fwp%2Fv2%2Fcategories&post=10517"},{"taxonomy":"post_tag","embeddable":true,"href":"https:\/\/www.toque-musicall.com\/index.php?rest_route=%2Fwp%2Fv2%2Ftags&post=10517"}],"curies":[{"name":"wp","href":"https:\/\/api.w.org\/{rel}","templated":true}]}}