{"id":1052,"date":"2009-10-17T15:02:00","date_gmt":"2009-10-17T15:02:00","guid":{"rendered":"http:\/\/www.toque-musicall.com\/?p=1052"},"modified":"2009-10-17T15:02:00","modified_gmt":"2009-10-17T15:02:00","slug":"compactos-de-cantoras-ii","status":"publish","type":"post","link":"https:\/\/www.toque-musicall.com\/?p=1052","title":{"rendered":"Compactos De Cantoras II"},"content":{"rendered":"<p><a href=\"http:\/\/3.bp.blogspot.com\/_DSKVEvHtskc\/Stnc-G0rg9I\/AAAAAAAAFgA\/6FTnoJYmAiE\/s1600-h\/capa+2.jpg\"><img decoding=\"async\" style=\"display:block; margin:0px auto 10px; text-align:center;cursor:pointer; cursor:hand;width: 400px; height: 396px;\" src=\"http:\/\/3.bp.blogspot.com\/_DSKVEvHtskc\/Stnc-G0rg9I\/AAAAAAAAFgA\/6FTnoJYmAiE\/s400\/capa+2.jpg\" border=\"0\" alt=\"\" id=\"BLOGGER_PHOTO_ID_5393584988294448082\" \/><\/a>Amigos cultos e ocultos, seguimos ainda no fim de semana com os compactos. Como eu havia mencionado, na pr\u00f3xima semana ainda teremos mais disquinhos, mas desta vez farei de maneira alternada, quer dizer, um dia Long Play, no outro Compacto, ok? <\/p>\n<div>Bom, hoje, como se pode ver logo acima, teremos as cantoras: Brigite, Clara Nunes, Claudia e Marisa. Quatro grande vozes e int\u00e9rpretes da m\u00fasica popular brasileira das d\u00e9cadas de 60 e 70. <\/div>\n<div>Come\u00e7amos por Irene Andrade, cujo o nome art\u00edstico era Brigite. Cantora pouco lembrada, dona de uma voz forte e impostada, ficou mais conhecida por participa\u00e7\u00f5es na Jovem Guarda. Ela ganhou este nome pela semelhan\u00e7a com a atriz francesa Brigitte Bardot. Mas neste compacto, seu primeiro disco, n\u00e3o tem nada a ver com a turma do Roberto Carlos. Aqui ela canta &#8220;Viola Enluarada&#8221; de Marcos e Paulo Sergio Valle e &#8220;Nosso amor \u00e9 bem melhor&#8221; de L\u00e9o e Gilberto Karan. Come\u00e7ou bem a mo\u00e7a, mas depois de alguns outros compactos na linha rom\u00e2ntica, sumiu do mapa. \u00c9 muito dif\u00edcil achar informa\u00e7\u00f5es sobre ela. Os discos, nem se fala&#8230;<\/div>\n<div>A segunda cantora \u00e9 Clara Nunes. Esta dispensa apresenta\u00e7\u00f5es. Neste compacto duplo, lan\u00e7ado em 1968, ela ainda n\u00e3o era aquela int\u00e9rprete do g\u00eanero que a consagrou. Aqui temos Clara cantando vers\u00f5es de temas famosos internacionais feitas por Geraldo Figueiredo. Das quatro faixas destaco &#8220;Sozinha&#8221; uma vers\u00e3o adaptada da Suite n\u00ba3 de Bach, muito bonita.<\/div>\n<div>Seguindo, vamos com Cl\u00e1udia num compacto de 1971 trazendo &#8220;Mudei de ideia&#8221;, de Antonio Carlos e Jocafi. Do outro lado ela interpreta dos irm\u00e3os Valle, &#8220;Minha voz vir\u00e1 do sol da Am\u00e9rica&#8221;, uma grava\u00e7\u00e3o que, me parece, n\u00e3o chegou a ser lan\u00e7ada em nenhum dos seus lps. Raridade!<\/div>\n<div>Finalmente chegamos em Marisa, outra grande cantora em um dos seus melhores momentos. Neste disquinho ela canta o sucesso &#8220;Viagem&#8221; de Jo\u00e3o de Aquino e Paulo Cesar Pinheiro. Do outro lado vai &#8220;Samba do Est\u00e1cio&#8221;, composi\u00e7\u00e3o de Cesar Costa Filho com Jair Amorim.  Tamb\u00e9m muito bom! Vamos conferir?<\/div>\n<div><\/div>\n<div style=\"text-align: center;\">Brigite<\/div>\n<div style=\"text-align: center;\">viola enluarada<\/div>\n<div style=\"text-align: center;\">nosso amor \u00e9 bem melhor<\/div>\n<div style=\"text-align: center;\">+<\/div>\n<div style=\"text-align: center;\">Clara Nunes<\/div>\n<div style=\"text-align: center;\">mam\u00e3e<\/div>\n<div style=\"text-align: center;\">sozinha<\/div>\n<div style=\"text-align: center;\">o amor \u00e9 azul<\/div>\n<div style=\"text-align: center;\">adeus a noite<\/div>\n<div style=\"text-align: center;\">+<\/div>\n<div style=\"text-align: center;\">Claudia<\/div>\n<div style=\"text-align: center;\">minha voz vir\u00e1 do sol da am\u00e9rica<\/div>\n<div style=\"text-align: center;\">mudei de ideia<\/div>\n<div style=\"text-align: center;\">+<\/div>\n<div style=\"text-align: center;\">Marisa<\/div>\n<div style=\"text-align: center;\">viagem<\/div>\n<div style=\"text-align: center;\">samba do est\u00e1cio<\/div>\n<div style=\"text-align: center;\"><\/div>\n<div style=\"text-align: center;\"><\/div>\n","protected":false},"excerpt":{"rendered":"<p>Amigos cultos e ocultos, seguimos ainda no fim de semana com os compactos. Como eu havia mencionado, na pr\u00f3xima semana ainda teremos mais disquinhos, mas desta vez farei de maneira alternada, quer dizer, um dia Long Play, no outro Compacto, &hellip; <a href=\"https:\/\/www.toque-musicall.com\/?p=1052\">Continue lendo <span class=\"meta-nav\">&rarr;<\/span><\/a><\/p>\n","protected":false},"author":1,"featured_media":0,"comment_status":"open","ping_status":"closed","sticky":false,"template":"","format":"standard","meta":{"footnotes":""},"categories":[1332,896,108,733],"tags":[],"class_list":["post-1052","post","type-post","status-publish","format-standard","hentry","category-brigite","category-clara-nunes","category-claudia","category-marisa"],"_links":{"self":[{"href":"https:\/\/www.toque-musicall.com\/index.php?rest_route=\/wp\/v2\/posts\/1052","targetHints":{"allow":["GET"]}}],"collection":[{"href":"https:\/\/www.toque-musicall.com\/index.php?rest_route=\/wp\/v2\/posts"}],"about":[{"href":"https:\/\/www.toque-musicall.com\/index.php?rest_route=\/wp\/v2\/types\/post"}],"author":[{"embeddable":true,"href":"https:\/\/www.toque-musicall.com\/index.php?rest_route=\/wp\/v2\/users\/1"}],"replies":[{"embeddable":true,"href":"https:\/\/www.toque-musicall.com\/index.php?rest_route=%2Fwp%2Fv2%2Fcomments&post=1052"}],"version-history":[{"count":0,"href":"https:\/\/www.toque-musicall.com\/index.php?rest_route=\/wp\/v2\/posts\/1052\/revisions"}],"wp:attachment":[{"href":"https:\/\/www.toque-musicall.com\/index.php?rest_route=%2Fwp%2Fv2%2Fmedia&parent=1052"}],"wp:term":[{"taxonomy":"category","embeddable":true,"href":"https:\/\/www.toque-musicall.com\/index.php?rest_route=%2Fwp%2Fv2%2Fcategories&post=1052"},{"taxonomy":"post_tag","embeddable":true,"href":"https:\/\/www.toque-musicall.com\/index.php?rest_route=%2Fwp%2Fv2%2Ftags&post=1052"}],"curies":[{"name":"wp","href":"https:\/\/api.w.org\/{rel}","templated":true}]}}