{"id":10521,"date":"2024-07-11T17:21:30","date_gmt":"2024-07-11T20:21:30","guid":{"rendered":"https:\/\/www.toque-musicall.com\/?p=10521"},"modified":"2024-07-13T17:30:21","modified_gmt":"2024-07-13T20:30:21","slug":"anjos-do-inferno-1975","status":"publish","type":"post","link":"https:\/\/www.toque-musicall.com\/?p=10521","title":{"rendered":"Anjos Do Inferno (1975)"},"content":{"rendered":"\n<figure class=\"wp-block-image size-large\"><img decoding=\"async\" src=\"https:\/\/blogger.googleusercontent.com\/img\/b\/R29vZ2xl\/AVvXsEiIwoNdOFE2TNDOQPNk7jsP97arOOr7TkybDx4OEr4LiAH74-TJr67tid04b5wujintjPOsk7jBBcJSCYTjFVbwllBu-FVAhXb44eeFQlbl8TC0dwRD3cQ8rrD5wegbk_NOjD77qAViQ0AimX7lZDn2vubFre4ql0S6TUr-4tihADYS12D09YX-vQGbn3Pj\/w640-h640\/Capturar.JPG\" alt=\"\"\/><\/figure>\n\n\n\n<figure class=\"wp-block-image size-large\"><img decoding=\"async\" src=\"https:\/\/blogger.googleusercontent.com\/img\/b\/R29vZ2xl\/AVvXsEgyuZF4BiFsObnVuMMtYIGJpbdn0DGEJ7hNL7i9TQjC6JLOX417ZhQw2bYT5Lwy89EVSab6GSpIvw3PHPS4gPxY6807YdJkqHFAHcB8bBm2EvAcJGOL-kvjlkbdbqbItjTLgKmC1trEQGKwAy2o4oSmL_TZfWqrJXnbMLVsRYxoFQuECx8NSGbESkkUJzMK\/w640-h628\/Capturarb.JPG\" alt=\"\"\/><\/figure>\n\n\n<div class=\"separator\">Esta \u00e9 a primeira vez que postamos um lp dos Anjos do Inferno. Ali\u00e1s, n\u00e3o exatamente&#8230; J\u00e1 publicamos, em um outro momento, o &#8220;Brasil Pandeiro&#8221;, disco originalmente lan\u00e7ado em 1963 e reeditado em 71. Foi uma produ\u00e7\u00e3o de Leo Vilar, um dos fundadores do grupo vocal, que contou com a participa\u00e7\u00e3o de membros de outro conjunto, Os Titulares do Ritmo. Assim sendo, o presente lp \u00e9 verdadeiramente os Anjos do Inferno, em uma de suas melhores forma\u00e7\u00f5es. Aqui temos um disco produzido por J.L. Ferrete, para a Continental e lan\u00e7ado em 1975, reunindo as primeiras grava\u00e7\u00f5es dos Anjos do Inferno, entre os anos de 1939 a 41. Nesta sele\u00e7\u00e3o temos 12 m\u00fasicas, entre sambas e machinhas que se tornaram cl\u00e1ssicos. Este disco faz parte de uma s\u00e9rie dedicada tamb\u00e9m a outros grandes nomes da m\u00fasica popular brasileira do passado. Como no lp, aqui tamb\u00e9m est\u00e1 inclu\u00eddo um encarte com a hist\u00f3ria deste conjunto vocal.\u00a0<\/div>\n<div class=\"separator\">\u00a0<\/div>\n<div class=\"separator\">bahia, oi&#8230;bahia<\/div>\n<div class=\"separator\">duas chaves<\/div>\n<div class=\"separator\">nega do cabelo duro<\/div>\n<div class=\"separator\">brasil pandeiro<\/div>\n<div class=\"separator\">quebra tudo<\/div>\n<div class=\"separator\">que bate fundo \u00e9 esse?<\/div>\n<div class=\"separator\">voc\u00ea j\u00e1 foi a bahia?<\/div>\n<div class=\"separator\">cowboy do amor<\/div>\n<div class=\"separator\">sereno<\/div>\n<div class=\"separator\">dolores<\/div>\n<div class=\"separator\">ch\u00f4&#8230; ch\u00f4&#8230;<\/div>\n<div class=\"separator\">tr\u00eas marias<\/div>\n<div class=\"separator\">\u00a0<\/div>\n<div class=\"separator\">\u00a0<\/div>\n<div class=\"separator\">.\u00a0<\/div>","protected":false},"excerpt":{"rendered":"<p>Esta \u00e9 a primeira vez que postamos um lp dos Anjos do Inferno. Ali\u00e1s, n\u00e3o exatamente&#8230; J\u00e1 publicamos, em um outro momento, o &#8220;Brasil Pandeiro&#8221;, disco originalmente lan\u00e7ado em 1963 e reeditado em 71. Foi uma produ\u00e7\u00e3o de Leo Vilar, &hellip; <a href=\"https:\/\/www.toque-musicall.com\/?p=10521\">Continue lendo <span class=\"meta-nav\">&rarr;<\/span><\/a><\/p>\n","protected":false},"author":1,"featured_media":0,"comment_status":"closed","ping_status":"closed","sticky":false,"template":"","format":"standard","meta":{"footnotes":""},"categories":[1],"tags":[5705,3327],"class_list":["post-10521","post","type-post","status-publish","format-standard","hentry","category-sem-categoria","tag-anjos-do-inferno","tag-selo-continental"],"_links":{"self":[{"href":"https:\/\/www.toque-musicall.com\/index.php?rest_route=\/wp\/v2\/posts\/10521","targetHints":{"allow":["GET"]}}],"collection":[{"href":"https:\/\/www.toque-musicall.com\/index.php?rest_route=\/wp\/v2\/posts"}],"about":[{"href":"https:\/\/www.toque-musicall.com\/index.php?rest_route=\/wp\/v2\/types\/post"}],"author":[{"embeddable":true,"href":"https:\/\/www.toque-musicall.com\/index.php?rest_route=\/wp\/v2\/users\/1"}],"replies":[{"embeddable":true,"href":"https:\/\/www.toque-musicall.com\/index.php?rest_route=%2Fwp%2Fv2%2Fcomments&post=10521"}],"version-history":[{"count":1,"href":"https:\/\/www.toque-musicall.com\/index.php?rest_route=\/wp\/v2\/posts\/10521\/revisions"}],"predecessor-version":[{"id":10522,"href":"https:\/\/www.toque-musicall.com\/index.php?rest_route=\/wp\/v2\/posts\/10521\/revisions\/10522"}],"wp:attachment":[{"href":"https:\/\/www.toque-musicall.com\/index.php?rest_route=%2Fwp%2Fv2%2Fmedia&parent=10521"}],"wp:term":[{"taxonomy":"category","embeddable":true,"href":"https:\/\/www.toque-musicall.com\/index.php?rest_route=%2Fwp%2Fv2%2Fcategories&post=10521"},{"taxonomy":"post_tag","embeddable":true,"href":"https:\/\/www.toque-musicall.com\/index.php?rest_route=%2Fwp%2Fv2%2Ftags&post=10521"}],"curies":[{"name":"wp","href":"https:\/\/api.w.org\/{rel}","templated":true}]}}