{"id":10523,"date":"2024-07-12T19:14:03","date_gmt":"2024-07-12T22:14:03","guid":{"rendered":"https:\/\/www.toque-musicall.com\/?p=10523"},"modified":"2024-07-13T19:19:01","modified_gmt":"2024-07-13T22:19:01","slug":"grupo-de-seresta-joao-valle-mauricio-lagrimas-ao-luar-1977","status":"publish","type":"post","link":"https:\/\/www.toque-musicall.com\/?p=10523","title":{"rendered":"Grupo De Seresta Jo\u00e3o Valle Maur\u00edcio &#8211; L\u00e1grimas Ao Luar (1977)"},"content":{"rendered":"\n<figure class=\"wp-block-image size-large\"><img decoding=\"async\" src=\"https:\/\/blogger.googleusercontent.com\/img\/b\/R29vZ2xl\/AVvXsEgENsmbiKnfSZer-EMOW4AsUhD6o36Rek_q8k8jswaWUOfLN3eK4w5MsAze7EJ-IKsRYqLdLquTIZj7W00zrW7osDF3nPbC-N65DpOm3nXl-xCL4el8UVVhr4plMFfAChL5Gc2jYtrqQX0J9lzrcuQ7aZvojqXDzPsPa_Yo4FTAL_ieIcgBg_peQE6mzkgJ\/w632-h640\/lagrimas%20P.JPG\" alt=\"\"\/><\/figure>\n\n\n\n<figure class=\"wp-block-image size-large\"><img decoding=\"async\" src=\"https:\/\/blogger.googleusercontent.com\/img\/b\/R29vZ2xl\/AVvXsEiBspeUOZVw2K-EkPOqbc3BXGQS1fHRON5Mn89_TJWyZCypnZbxqAvR-3EQSgiO2ul8pyexPaSns-qFXVVnUpthasZpyfCOtO1nY7oP_wu0JFiJtbXzrBuR6m5l12vJ_LVKq4pF2hhjtbg2Y9mR9PxvOjkSLwlBCl7fnygnSI2eYI1BFSgFLSoOqmY-7mVV\/w640-h630\/lagrimas%20Pb.JPG\" alt=\"\"\/><\/figure>\n\n\n<div class=\"separator\">Para esta nossa sexta-feira, vamos trazendo aqui um disco de seresta, g\u00eanero que faz muito sucesso entre nossos amigos e que mais que nunca vale a pena deixar aqui registrado. O Grupo de Seresta Jo\u00e3o Valle Maur\u00edcio vem de Montes Claros, uma das grandes cidades do norte de Minas Gerais.<\/div>\n<div class=\"separator\">Jo\u00e3o Valle Maur\u00edcio foi um m\u00e9dico, nascido e criado nesta cidade. Pol\u00edtico em sua cidade natal, poeta, cronista e contista, tendo v\u00e1rios livros publicados. Foi tamb\u00e9m reitor da Funda\u00e7\u00e3o Norte Mineira de Ensino Superior, hoje Unimontes, onde implantou o curso de medicina, direito e administra\u00e7\u00e3o. Tamb\u00e9m seresteiro, na m\u00fasica, criou este grupo de seresta que se tornou bem conhecido, chegando assim a gravar um disco. No caso, este lp, &#8220;L\u00e1grimas ao luar&#8221;, lan\u00e7ado, ao que tudo indica, nos anos 70. Como se pode ver logo na contracapa, o repert\u00f3rio apresenta dez m\u00fasicas cl\u00e1ssicas em qualquer serenata mineira. Um bom disco para se ouvir&#8230; Confiram no GTM.<\/div>\n<div class=\"separator\">\u00a0<\/div>\n<div class=\"separator\">apresenta\u00e7\u00e3o<\/div>\n<div class=\"separator\">elvira escuta<\/div>\n<div class=\"separator\">noite tris<\/div>\n<div class=\"separator\">tristonha<\/div>\n<div class=\"separator\">gondoleiro do amor<\/div>\n<div class=\"separator\">saudades da bahia<\/div>\n<div class=\"separator\">guitarra de prata<\/div>\n<div class=\"separator\">ave maria<\/div>\n<div class=\"separator\">\u00faltima estrofe<\/div>\n<div class=\"separator\">vivo a cantar<\/div>\n<div class=\"separator\">sereno da madrugada<\/div>\n<div class=\"separator\">arrependimento<\/div>\n<div class=\"separator\">\u00a0<\/div>\n<div class=\"separator\">\u00a0<\/div>\n<div class=\"separator\">.<\/div>","protected":false},"excerpt":{"rendered":"<p>Para esta nossa sexta-feira, vamos trazendo aqui um disco de seresta, g\u00eanero que faz muito sucesso entre nossos amigos e que mais que nunca vale a pena deixar aqui registrado. O Grupo de Seresta Jo\u00e3o Valle Maur\u00edcio vem de Montes &hellip; <a href=\"https:\/\/www.toque-musicall.com\/?p=10523\">Continue lendo <span class=\"meta-nav\">&rarr;<\/span><\/a><\/p>\n","protected":false},"author":1,"featured_media":0,"comment_status":"closed","ping_status":"closed","sticky":false,"template":"","format":"standard","meta":{"footnotes":""},"categories":[1],"tags":[5706,5707],"class_list":["post-10523","post","type-post","status-publish","format-standard","hentry","category-sem-categoria","tag-grupo-de-seresta-joao-valle-mauricio","tag-selo-alterosa"],"_links":{"self":[{"href":"https:\/\/www.toque-musicall.com\/index.php?rest_route=\/wp\/v2\/posts\/10523","targetHints":{"allow":["GET"]}}],"collection":[{"href":"https:\/\/www.toque-musicall.com\/index.php?rest_route=\/wp\/v2\/posts"}],"about":[{"href":"https:\/\/www.toque-musicall.com\/index.php?rest_route=\/wp\/v2\/types\/post"}],"author":[{"embeddable":true,"href":"https:\/\/www.toque-musicall.com\/index.php?rest_route=\/wp\/v2\/users\/1"}],"replies":[{"embeddable":true,"href":"https:\/\/www.toque-musicall.com\/index.php?rest_route=%2Fwp%2Fv2%2Fcomments&post=10523"}],"version-history":[{"count":1,"href":"https:\/\/www.toque-musicall.com\/index.php?rest_route=\/wp\/v2\/posts\/10523\/revisions"}],"predecessor-version":[{"id":10524,"href":"https:\/\/www.toque-musicall.com\/index.php?rest_route=\/wp\/v2\/posts\/10523\/revisions\/10524"}],"wp:attachment":[{"href":"https:\/\/www.toque-musicall.com\/index.php?rest_route=%2Fwp%2Fv2%2Fmedia&parent=10523"}],"wp:term":[{"taxonomy":"category","embeddable":true,"href":"https:\/\/www.toque-musicall.com\/index.php?rest_route=%2Fwp%2Fv2%2Fcategories&post=10523"},{"taxonomy":"post_tag","embeddable":true,"href":"https:\/\/www.toque-musicall.com\/index.php?rest_route=%2Fwp%2Fv2%2Ftags&post=10523"}],"curies":[{"name":"wp","href":"https:\/\/api.w.org\/{rel}","templated":true}]}}