{"id":10527,"date":"2024-07-14T17:36:31","date_gmt":"2024-07-14T20:36:31","guid":{"rendered":"https:\/\/www.toque-musicall.com\/?p=10527"},"modified":"2024-07-17T12:19:00","modified_gmt":"2024-07-17T15:19:00","slug":"idalina-de-oliveira-idalina-1962","status":"publish","type":"post","link":"https:\/\/www.toque-musicall.com\/?p=10527","title":{"rendered":"Idalina De Oliveira &#8211; Idalina (1962)"},"content":{"rendered":"\n<figure class=\"wp-block-image size-large\"><img decoding=\"async\" src=\"https:\/\/blogger.googleusercontent.com\/img\/b\/R29vZ2xl\/AVvXsEiJGFnaCzFNIGaES4zLDI2KfzD2vCJFb_2k09OJ2VRlYrh0XzbrPiJMaE3stIPLelwnGYvLtCVpXA6L5y7NWJyDfLUwo6qG9PmCi5OkbwwRImW1hkQhzVKiBLdUuuG-6NjsjkhJXuOyAGOa5VNPPwGuhhxwfgDrvPAYWwn21gj0piMmxy7WPu3noZBcusFm\/w640-h640\/Idalina%20de%20Oliveira-%20Capa-%20Jovem%20Guarda.jpg\" alt=\"\"\/><\/figure>\n\n\n\n<figure class=\"wp-block-image size-large\"><img decoding=\"async\" src=\"https:\/\/blogger.googleusercontent.com\/img\/b\/R29vZ2xl\/AVvXsEhP-ACHfkQhp6GI8YMJ74MP3XLlTPPZFMjOK_LF8JoKxxVudiA39XzQsKrLD9dgfiyP48l200uDUbakoCrSfAwl4RNZAsnqyVQcEh8FZysI61O0O-J0cWWfREGQaqtbHGx-HcmL9L64IXsTZCEf2OsLn2io76O2lZ-EEVkAYX0j8H28QTcQOLxO5U9Zo2vj\/w640-h636\/contra.jpg\" alt=\"\"\/><\/figure>\n\n\n<div class=\"separator\">Para o dia de hoje, vamos trazendo a Idalina de Oliveira, cantora, atriz e garota propaganda. Idalina foi uma das pioneiras na televis\u00e3o brasileira como garota propaganda. Atuou principalmente nos anos 50 e 60. Como atriz, trabalhou no seriado infantil &#8220;Capit\u00e3o 7&#8221;, da TV Record, que foi ao ar de 1954 a 1966. Ela era &#8216;Silvana&#8217;, a companheira do Capit\u00e3o 7. Foi ainda no in\u00edcio dos anos 60 que ela foi convidada para gravar uma m\u00fasica na Chantecler e esta foi &#8220;Mariquilla bonita&#8221;, em vers\u00e3o de Joaquim Gustavo, recebendo o nome de &#8220;Amorzinho querido&#8221;, sendo lan\u00e7ada primeiramente em compacto e que teve muito sucesso. Isso deu a ela a oportunidade de gravar este lp com as orquestras de \u00c9lcio Alvarez e Francisco Moraes. &#8220;Idalina&#8221; foi seu \u00fanico disco, no qual traz um repert\u00f3rio misto de sambas, bai\u00e3o e vers\u00f5es, incluindo &#8220;Amorzinho querido&#8221;. Em 1966 ela voltou a gravar um outro compacto, mas ficou s\u00f3 nisso&#8230; Aproveitamos para incluir aqui, como b\u00f4nus, as duas m\u00fasicas deste compacto.<\/div>\n<div class=\"separator\">\u00a0<\/div>\n<div class=\"separator\">pissi pissi bao bao<\/div>\n<div class=\"separator\">amorzinho querido<\/div>\n<div class=\"separator\">tristeza em meu cora\u00e7\u00e3o<\/div>\n<div class=\"separator\">chove no meu cora\u00e7\u00e3o<\/div>\n<div class=\"separator\">fim de noite<\/div>\n<div class=\"separator\">vento do mar<\/div>\n<div class=\"separator\">gosto de voc\u00ea<\/div>\n<div class=\"separator\">vai trenzinho<\/div>\n<div class=\"separator\">passeando pela praia<\/div>\n<div class=\"separator\">convencido do sete sete nove<\/div>\n<div class=\"separator\">a can\u00e7\u00e3o que te ouvi cantar<\/div>\n<div class=\"separator\">furugudum<\/div>\n<div class=\"separator\">voc\u00ea \u00e9 tudo para mim<\/div>\n<div class=\"separator\">algu\u00e9m na vida da gente<\/div>\n<div class=\"separator\">\u00a0<\/div>\n<div class=\"separator\">\u00a0<\/div>","protected":false},"excerpt":{"rendered":"<p>Para o dia de hoje, vamos trazendo a Idalina de Oliveira, cantora, atriz e garota propaganda. Idalina foi uma das pioneiras na televis\u00e3o brasileira como garota propaganda. Atuou principalmente nos anos 50 e 60. Como atriz, trabalhou no seriado infantil &hellip; <a href=\"https:\/\/www.toque-musicall.com\/?p=10527\">Continue lendo <span class=\"meta-nav\">&rarr;<\/span><\/a><\/p>\n","protected":false},"author":1,"featured_media":0,"comment_status":"closed","ping_status":"closed","sticky":false,"template":"","format":"standard","meta":{"footnotes":""},"categories":[1],"tags":[5708,3073],"class_list":["post-10527","post","type-post","status-publish","format-standard","hentry","category-sem-categoria","tag-idalina-de-oliveira","tag-selo-chantecler"],"_links":{"self":[{"href":"https:\/\/www.toque-musicall.com\/index.php?rest_route=\/wp\/v2\/posts\/10527","targetHints":{"allow":["GET"]}}],"collection":[{"href":"https:\/\/www.toque-musicall.com\/index.php?rest_route=\/wp\/v2\/posts"}],"about":[{"href":"https:\/\/www.toque-musicall.com\/index.php?rest_route=\/wp\/v2\/types\/post"}],"author":[{"embeddable":true,"href":"https:\/\/www.toque-musicall.com\/index.php?rest_route=\/wp\/v2\/users\/1"}],"replies":[{"embeddable":true,"href":"https:\/\/www.toque-musicall.com\/index.php?rest_route=%2Fwp%2Fv2%2Fcomments&post=10527"}],"version-history":[{"count":2,"href":"https:\/\/www.toque-musicall.com\/index.php?rest_route=\/wp\/v2\/posts\/10527\/revisions"}],"predecessor-version":[{"id":10533,"href":"https:\/\/www.toque-musicall.com\/index.php?rest_route=\/wp\/v2\/posts\/10527\/revisions\/10533"}],"wp:attachment":[{"href":"https:\/\/www.toque-musicall.com\/index.php?rest_route=%2Fwp%2Fv2%2Fmedia&parent=10527"}],"wp:term":[{"taxonomy":"category","embeddable":true,"href":"https:\/\/www.toque-musicall.com\/index.php?rest_route=%2Fwp%2Fv2%2Fcategories&post=10527"},{"taxonomy":"post_tag","embeddable":true,"href":"https:\/\/www.toque-musicall.com\/index.php?rest_route=%2Fwp%2Fv2%2Ftags&post=10527"}],"curies":[{"name":"wp","href":"https:\/\/api.w.org\/{rel}","templated":true}]}}