{"id":10529,"date":"2024-07-15T17:40:58","date_gmt":"2024-07-15T20:40:58","guid":{"rendered":"https:\/\/www.toque-musicall.com\/?p=10529"},"modified":"2024-07-15T17:40:58","modified_gmt":"2024-07-15T20:40:58","slug":"pequenos-cantores-do-colegio-santo-agostinho-perambulando-1973","status":"publish","type":"post","link":"https:\/\/www.toque-musicall.com\/?p=10529","title":{"rendered":"Pequenos Cantores Do Col\u00e9gio Santo Agostinho &#8211; Perambulando (1973)"},"content":{"rendered":"\n<figure class=\"wp-block-image size-large\"><img decoding=\"async\" src=\"https:\/\/blogger.googleusercontent.com\/img\/b\/R29vZ2xl\/AVvXsEjpMBMM13ugvI3AF_hMpQNAQArAIk39ive_ZCuovF3Uee1PDCGcJ8bSR5UaQ9kd-H-kmcqkNyQHXdUgFJO3mmL3mQcsNHyBsXGeAEM5XkWM5EzWlaQW4nuGcss4tg0ikzKPR2oEWKIdIZeWGD3jf61RJh2O-bFXO-3kmAOc0pf3bLLkJLMhxRgjJxa_FfrS\/w640-h636\/Capturar.JPG\" alt=\"\"\/><\/figure>\n\n\n\n<figure class=\"wp-block-image size-large\"><img decoding=\"async\" src=\"https:\/\/blogger.googleusercontent.com\/img\/b\/R29vZ2xl\/AVvXsEhkB5Ui9DFUGrLf_KlyiQB7O7rJd0bwaybx8Sc7gw9I0XloGtBRpaImwRPQqLa9-c01MC4ZHgIWRYIUWv6wVyn6HhBGN-7HSb19zAwIvpClHQpkZm_XzGj3IFk41YP8FThJQG0_4nrmH93QxisFcfwg8BKRId0w-dsQmj5vOSlbE21DiHiMrrYqew26R8ay\/w640-h636\/Capturarb.JPG\" alt=\"\"\/><\/figure>\n\n\n<div class=\"separator\">Aqui um lp que h\u00e1 muito esperava para ser postado. Os pequenos cantores de Belo Horizonte, alunos do tradicional Col\u00e9gio Santo Agostinho, ou, Pequenos Cantores do Col\u00e9gio Santo Agostinho. J\u00e1 tivemos a oportunidade de ver e ouvir aqui um outro disco deles. Desta vez, vamos com este, que creio, foi gravado no in\u00edcio dos anos 70, por certo 1973.<\/div>\n<div class=\"separator\">O Col\u00e9gio Santo Agostinho foi um dos poucos, ou talvez o \u00fanico, na cidade a promover a m\u00fasica como parte de seu projeto educacional, atrav\u00e9s de atividades cont\u00ednuas com seus alunos. Criou nos anos 60, a exemplo dos &#8220;Pequenos Cantores da Guanabara&#8221;, o seu grupo musical, inicialmente apenas com a inten\u00e7\u00e3o de homenagear o &#8216;Dia das M\u00e3es&#8217;. Ao longo dos anos e sempre renovando as vozes, eles foram gravando novos discos, lps e compactos. O fato mais interessante desses lan\u00e7amentos \u00e9 que todos os discos tiveram o apoio profissional, os arranjos de quatro grandes nomes da m\u00fasica mineira, A\u00e9cio Fl\u00e1vio, C\u00e9lio Balona, Jos\u00e9 Guimar\u00e3es e Waldir Silva. Percebe-se tamb\u00e9m ao ouvir que os maestros tamb\u00e9m foram instrumentistas. A qualidade \u00e9 mesmo muito boa e inquestion\u00e1vel. O repert\u00f3rio tamb\u00e9m n\u00e3o fica por menos.<\/div>\n<div class=\"separator\">\u00a0<\/div>\n<div class=\"separator\">serafim e seus filhos<\/div>\n<div class=\"separator\">encabulada<\/div>\n<div class=\"separator\">partido alto<\/div>\n<div class=\"separator\">valsinha<\/div>\n<div class=\"separator\">fumac\u00ea<\/div>\n<div class=\"separator\">esperan\u00e7as perdidas<\/div>\n<div class=\"separator\">debaixo dos carac\u00f3is dos teus cabelos<\/div>\n<div class=\"separator\">nasceu jesus<\/div>\n<div class=\"separator\">al\u00f4 fevereiro<\/div>\n<div class=\"separator\">agora eu sei<\/div>\n<div class=\"separator\">hei shazan<\/div>\n<div class=\"separator\">perambulando<\/div>\n<div class=\"separator\">\u00a0<\/div>\n<div class=\"separator\">\u00a0<\/div>\n<div class=\"separator\">.<\/div>","protected":false},"excerpt":{"rendered":"<p>Aqui um lp que h\u00e1 muito esperava para ser postado. Os pequenos cantores de Belo Horizonte, alunos do tradicional Col\u00e9gio Santo Agostinho, ou, Pequenos Cantores do Col\u00e9gio Santo Agostinho. J\u00e1 tivemos a oportunidade de ver e ouvir aqui um outro &hellip; <a href=\"https:\/\/www.toque-musicall.com\/?p=10529\">Continue lendo <span class=\"meta-nav\">&rarr;<\/span><\/a><\/p>\n","protected":false},"author":1,"featured_media":0,"comment_status":"closed","ping_status":"closed","sticky":false,"template":"","format":"standard","meta":{"footnotes":""},"categories":[1],"tags":[5710,5709,3397],"class_list":["post-10529","post","type-post","status-publish","format-standard","hentry","category-sem-categoria","tag-pequenos-cantores-de-belo-horizonte","tag-pequenos-cantores-do-colegio-santo-agostinho","tag-selo-bemol"],"_links":{"self":[{"href":"https:\/\/www.toque-musicall.com\/index.php?rest_route=\/wp\/v2\/posts\/10529","targetHints":{"allow":["GET"]}}],"collection":[{"href":"https:\/\/www.toque-musicall.com\/index.php?rest_route=\/wp\/v2\/posts"}],"about":[{"href":"https:\/\/www.toque-musicall.com\/index.php?rest_route=\/wp\/v2\/types\/post"}],"author":[{"embeddable":true,"href":"https:\/\/www.toque-musicall.com\/index.php?rest_route=\/wp\/v2\/users\/1"}],"replies":[{"embeddable":true,"href":"https:\/\/www.toque-musicall.com\/index.php?rest_route=%2Fwp%2Fv2%2Fcomments&post=10529"}],"version-history":[{"count":1,"href":"https:\/\/www.toque-musicall.com\/index.php?rest_route=\/wp\/v2\/posts\/10529\/revisions"}],"predecessor-version":[{"id":10530,"href":"https:\/\/www.toque-musicall.com\/index.php?rest_route=\/wp\/v2\/posts\/10529\/revisions\/10530"}],"wp:attachment":[{"href":"https:\/\/www.toque-musicall.com\/index.php?rest_route=%2Fwp%2Fv2%2Fmedia&parent=10529"}],"wp:term":[{"taxonomy":"category","embeddable":true,"href":"https:\/\/www.toque-musicall.com\/index.php?rest_route=%2Fwp%2Fv2%2Fcategories&post=10529"},{"taxonomy":"post_tag","embeddable":true,"href":"https:\/\/www.toque-musicall.com\/index.php?rest_route=%2Fwp%2Fv2%2Ftags&post=10529"}],"curies":[{"name":"wp","href":"https:\/\/api.w.org\/{rel}","templated":true}]}}