{"id":10531,"date":"2024-07-16T18:17:26","date_gmt":"2024-07-16T21:17:26","guid":{"rendered":"https:\/\/www.toque-musicall.com\/?p=10531"},"modified":"2024-07-16T18:17:26","modified_gmt":"2024-07-16T21:17:26","slug":"s-o-s-band-it-1974","status":"publish","type":"post","link":"https:\/\/www.toque-musicall.com\/?p=10531","title":{"rendered":"S.O.S. &#8211; Band It (1974)"},"content":{"rendered":"\n<figure class=\"wp-block-image size-large\"><img decoding=\"async\" src=\"https:\/\/blogger.googleusercontent.com\/img\/b\/R29vZ2xl\/AVvXsEi5TTnAlOyA8DOvd7KuKXJAZgpA2gEMFYemNUtkOFyBDWO5BtrKC6dFSMvLHrmT_81nmFIs0tzjPpTlhULQSAjBtZpxq4wX8y5OfUtX794K1lsDPYy89gCpjcveFmgqJAcahOOxWFOoiunBFz9AscmimfyCEbgoNGftn6WGoOBeaQEMkvN0KryyzpKzFV6D\/w640-h638\/Capturar.JPG\" alt=\"\"\/><\/figure>\n\n\n\n<figure class=\"wp-block-image size-large\"><img decoding=\"async\" src=\"https:\/\/blogger.googleusercontent.com\/img\/b\/R29vZ2xl\/AVvXsEhfjVHpNXyQrenq-JelT7XOQEDa41bBBpd1XJd3VdGNqqPPPC9-vFZeq6hNK8PSM3NDVRq29C9JXiJ4rVwizGJtJHMIwR9jSU-74vQ2bBZXDryJ_UZyX_erX6uiTpu3B8Rtzw3JU23dlgQgX8Hgkw2DpkHUTzmT5cXTomcJLDKmKS_ZKegcQUokJxlhGQ4y\/w638-h640\/Capturarb.JPG\" alt=\"\"\/><\/figure>\n\n\n<div class=\"separator\">Aqui temos um disco interessante lan\u00e7ado na primeira metade dos anos 70 no qual temos a &#8216;ger\u00eancia&#8217; por conta do grande Orlando Silveira, m\u00fasico que come\u00e7ou a atuar profissionalmente ainda na d\u00e9cada de 40, na Radio Tupi de S\u00e3o Paulo. Era tamb\u00e9m compositor, tocava cavaquinho e acordeom. Fez parte de grupos famosos como o Regional de Canhoto. Passou boa parte de sua vida profissional na gravadora Odeon, onde fez muitos arranjos para diferentes discos e artistas deste selo. Esteve na Odeon por vinte anos. Trabalhou com diversos outros artistas ao longo de sua carreia at\u00e9 o in\u00edcio dos anos 90 quando veio a falecer, ainda com 68 anos. Entre os muitos trabalhos que fez, gravou discos como este, &#8220;Band It&#8221; com um apelo moderno, seguindo as tend\u00eancias musicais da \u00e9poca. Neste lp participam, de maneira quase an\u00f4nima, artistas como o grupo The Fevers e Gerson King Combo. E \u00e9 talvez muito por conta dessa pegada funk, black music que o disco hoje se tornou uma pe\u00e7a estimada entre colecionadores e dj&#8217;s, vendido a pre\u00e7o de ouro como se fosse o supra-sumo das maravilhas. Por certo, o disco \u00e9 bem legal e tem l\u00e1 suas qualidades. Seu exotismo e interesse para os gringos est\u00e1 nessas vers\u00f5es e arranjos desconcertantes de sucessos internacionais. E cabe ainda um sucesso carnavalesco, &#8220;Quem sabe sabe&#8221;, de J. Sandoval e Carvalhinho, transformado em um samba funk, ou algo assim.<\/div>\n<div>\u00a0<\/div>\n<div class=\"separator\">kohoutec<\/div>\n<div class=\"separator\">me and you<\/div>\n<div class=\"separator\">goddess of love<\/div>\n<div class=\"separator\">shangri-la<\/div>\n<div class=\"separator\">quasars<\/div>\n<div class=\"separator\">concerto pour une voix<\/div>\n<div class=\"separator\">pretty flower<\/div>\n<div class=\"separator\">big splash<\/div>\n<div class=\"separator\">our love dream<\/div>\n<div class=\"separator\">the age of love<\/div>\n<div class=\"separator\">long long time<\/div>\n<div class=\"separator\">quem sabe sabe<\/div>\n<div class=\"separator\">\u00a0<\/div>\n<div class=\"separator\">\u00a0<\/div>\n<div class=\"separator\">.<\/div>\n<div class=\"separator\">\u00a0<\/div>","protected":false},"excerpt":{"rendered":"<p>Aqui temos um disco interessante lan\u00e7ado na primeira metade dos anos 70 no qual temos a &#8216;ger\u00eancia&#8217; por conta do grande Orlando Silveira, m\u00fasico que come\u00e7ou a atuar profissionalmente ainda na d\u00e9cada de 40, na Radio Tupi de S\u00e3o Paulo. &hellip; <a href=\"https:\/\/www.toque-musicall.com\/?p=10531\">Continue lendo <span class=\"meta-nav\">&rarr;<\/span><\/a><\/p>\n","protected":false},"author":1,"featured_media":0,"comment_status":"closed","ping_status":"closed","sticky":false,"template":"","format":"standard","meta":{"footnotes":""},"categories":[1],"tags":[4183,5711,4123],"class_list":["post-10531","post","type-post","status-publish","format-standard","hentry","category-sem-categoria","tag-orlando-silveria","tag-s-o-s","tag-selo-parlophone"],"_links":{"self":[{"href":"https:\/\/www.toque-musicall.com\/index.php?rest_route=\/wp\/v2\/posts\/10531","targetHints":{"allow":["GET"]}}],"collection":[{"href":"https:\/\/www.toque-musicall.com\/index.php?rest_route=\/wp\/v2\/posts"}],"about":[{"href":"https:\/\/www.toque-musicall.com\/index.php?rest_route=\/wp\/v2\/types\/post"}],"author":[{"embeddable":true,"href":"https:\/\/www.toque-musicall.com\/index.php?rest_route=\/wp\/v2\/users\/1"}],"replies":[{"embeddable":true,"href":"https:\/\/www.toque-musicall.com\/index.php?rest_route=%2Fwp%2Fv2%2Fcomments&post=10531"}],"version-history":[{"count":1,"href":"https:\/\/www.toque-musicall.com\/index.php?rest_route=\/wp\/v2\/posts\/10531\/revisions"}],"predecessor-version":[{"id":10532,"href":"https:\/\/www.toque-musicall.com\/index.php?rest_route=\/wp\/v2\/posts\/10531\/revisions\/10532"}],"wp:attachment":[{"href":"https:\/\/www.toque-musicall.com\/index.php?rest_route=%2Fwp%2Fv2%2Fmedia&parent=10531"}],"wp:term":[{"taxonomy":"category","embeddable":true,"href":"https:\/\/www.toque-musicall.com\/index.php?rest_route=%2Fwp%2Fv2%2Fcategories&post=10531"},{"taxonomy":"post_tag","embeddable":true,"href":"https:\/\/www.toque-musicall.com\/index.php?rest_route=%2Fwp%2Fv2%2Ftags&post=10531"}],"curies":[{"name":"wp","href":"https:\/\/api.w.org\/{rel}","templated":true}]}}