{"id":10535,"date":"2024-07-17T16:45:56","date_gmt":"2024-07-17T19:45:56","guid":{"rendered":"https:\/\/www.toque-musicall.com\/?p=10535"},"modified":"2024-07-18T16:47:58","modified_gmt":"2024-07-18T19:47:58","slug":"a-turma-do-bom-balanco-1966","status":"publish","type":"post","link":"https:\/\/www.toque-musicall.com\/?p=10535","title":{"rendered":"A Turma Do Bom Balan\u00e7o (1966)"},"content":{"rendered":"\n<figure class=\"wp-block-image size-large\"><img decoding=\"async\" src=\"https:\/\/blogger.googleusercontent.com\/img\/b\/R29vZ2xl\/AVvXsEgaVyVpp0v1OESAzkQhy0iu0mpEN6bg_zdixHqlhy3KkRVxxNu7NjD1Mg82K6RE58xIB0CIsPeYfOBO1qMEy53Qp2LXT5TkDGx7PE-zA6E99ox-yBZVqjId3QBwYlU7GcaycYS-MXkw1k7rgCD8f5SyewGO7op2ThuKlRra3VysyEhF4U5KpwycDT7ukrVf\/w640-h640\/capa%20p.jpg\" alt=\"\"\/><\/figure>\n\n\n\n<figure class=\"wp-block-image size-large\"><img decoding=\"async\" src=\"https:\/\/blogger.googleusercontent.com\/img\/b\/R29vZ2xl\/AVvXsEhAoXxH28k3ZCU2FF-Va2tsdtWA8ABwBN9uaAZvutOkINemAr6hob5wqQOgkK-ntXnc3hLdieLbjFyjTTMOLML70Ogb70V7rs9ecuQh_RfVLZegWYaAl-2O7VF1WDY8I1lVVTSX9OjlIhxvf0R7GfASxow8r4B9s9tiQD4UxNzRk9hK6uYJp440AJwUfPZj\/w640-h640\/contra%20p.jpg\" alt=\"\"\/><\/figure>\n\n\n<div class=\"separator\">Hoje \u00e9 dia 17 de julho. Pessoalmente, n\u00e3o gosto muito desse n\u00famero n\u00e3o, pois, mesmo sem querer nos remete a uma besta, talvez at\u00e9 mais nociva que a 666. Por\u00e9m, 17 \u00e9 tamb\u00e9m a idade do nosso blog Toque Musical que se completa agora no dia 30 de julho. Estamos fazendo 17 anos e eu que n\u00e3o acreditava que chegar\u00edamos a 7, estamos a\u00ed deixando para tr\u00e1s muitos outros blogs que como o TM ajudaram a desenterrar a fonografia brasileira. Muito por conta desse n\u00famero, n\u00e3o estamos fazendo festa, mas continuamos embalando a festa dentro de cada um que nos visita, nossos amigos cultos e ocultos, como diz\u00edamos antigamente. E nessa, vamos trazendo muitos t\u00edtulos\/discos que se tornaram \u00f3rf\u00e3os desses outros falecidos blogs musicais.\u00a0<\/div>\n<div class=\"separator\">Aqui temos um lp que \u00e9 realmente uma joinha, superestimado, diga-se de passagem, principalmente por conta de especuladores, vendedores de discos que chegam ao desplante de oferecer um exemplar com este por mais de 4 mil reais (por certo, deve ser um disco de ouro, ou coisa assim). A Turma do Bom Balan\u00e7o \u00e9 mesmo um disco bacana por conta de um time de m\u00fasicos de primeir\u00edssima linha, como se pode ver no texto de contracapa e tamb\u00e9m pelo fino repert\u00f3rio que n\u00e3o deixa nada a desejar. \u00c9 uma raridade? Sim. Mas s\u00f3 dois tipos de gente pagaria esse valor, colecionadores vaidosos endinheirados, ou endinheirados vaidosos que se acham colecionadores. Tem n\u00eago pagando caro s\u00f3 para sair bem na foto em suas redes sociais. Mas t\u00e1 valendo&#8230;<\/div>\n<div class=\"separator\">\u00a0<\/div>\n<div class=\"separator\">abandono<\/div>\n<div class=\"separator\">essa favela que eu amo<\/div>\n<div class=\"separator\">fora do tempo<\/div>\n<div class=\"separator\">mar amar<\/div>\n<div class=\"separator\">bom balan\u00e7o<\/div>\n<div class=\"separator\">voc\u00ea<\/div>\n<div class=\"separator\">garota moderna<\/div>\n<div class=\"separator\">vai de vez<\/div>\n<div class=\"separator\">gente<\/div>\n<div class=\"separator\">v\u00ea<\/div>\n<div class=\"separator\">preciso aprender a ser s\u00f3<\/div>\n<div class=\"separator\">juca bob\u00e3o<\/div>\n<div class=\"separator\">\u00a0<\/div>\n<div class=\"separator\">\u00a0<\/div>\n<div class=\"separator\">.\u00a0<\/div>\n<div class=\"separator\">\u00a0<\/div>","protected":false},"excerpt":{"rendered":"<p>Hoje \u00e9 dia 17 de julho. Pessoalmente, n\u00e3o gosto muito desse n\u00famero n\u00e3o, pois, mesmo sem querer nos remete a uma besta, talvez at\u00e9 mais nociva que a 666. Por\u00e9m, 17 \u00e9 tamb\u00e9m a idade do nosso blog Toque Musical &hellip; <a href=\"https:\/\/www.toque-musicall.com\/?p=10535\">Continue lendo <span class=\"meta-nav\">&rarr;<\/span><\/a><\/p>\n","protected":false},"author":1,"featured_media":0,"comment_status":"closed","ping_status":"closed","sticky":false,"template":"","format":"standard","meta":{"footnotes":""},"categories":[1],"tags":[5712,3076],"class_list":["post-10535","post","type-post","status-publish","format-standard","hentry","category-sem-categoria","tag-a-turma-do-bom-balanco","tag-selo-mocambo"],"_links":{"self":[{"href":"https:\/\/www.toque-musicall.com\/index.php?rest_route=\/wp\/v2\/posts\/10535","targetHints":{"allow":["GET"]}}],"collection":[{"href":"https:\/\/www.toque-musicall.com\/index.php?rest_route=\/wp\/v2\/posts"}],"about":[{"href":"https:\/\/www.toque-musicall.com\/index.php?rest_route=\/wp\/v2\/types\/post"}],"author":[{"embeddable":true,"href":"https:\/\/www.toque-musicall.com\/index.php?rest_route=\/wp\/v2\/users\/1"}],"replies":[{"embeddable":true,"href":"https:\/\/www.toque-musicall.com\/index.php?rest_route=%2Fwp%2Fv2%2Fcomments&post=10535"}],"version-history":[{"count":1,"href":"https:\/\/www.toque-musicall.com\/index.php?rest_route=\/wp\/v2\/posts\/10535\/revisions"}],"predecessor-version":[{"id":10536,"href":"https:\/\/www.toque-musicall.com\/index.php?rest_route=\/wp\/v2\/posts\/10535\/revisions\/10536"}],"wp:attachment":[{"href":"https:\/\/www.toque-musicall.com\/index.php?rest_route=%2Fwp%2Fv2%2Fmedia&parent=10535"}],"wp:term":[{"taxonomy":"category","embeddable":true,"href":"https:\/\/www.toque-musicall.com\/index.php?rest_route=%2Fwp%2Fv2%2Fcategories&post=10535"},{"taxonomy":"post_tag","embeddable":true,"href":"https:\/\/www.toque-musicall.com\/index.php?rest_route=%2Fwp%2Fv2%2Ftags&post=10535"}],"curies":[{"name":"wp","href":"https:\/\/api.w.org\/{rel}","templated":true}]}}