{"id":1054,"date":"2009-10-15T09:00:00","date_gmt":"2009-10-15T09:00:00","guid":{"rendered":"http:\/\/www.toque-musicall.com\/?p=1054"},"modified":"2009-10-15T09:00:00","modified_gmt":"2009-10-15T09:00:00","slug":"compactos-de-festivais-1968-70-72","status":"publish","type":"post","link":"https:\/\/www.toque-musicall.com\/?p=1054","title":{"rendered":"Compactos De Festivais (1968, 70, 72)"},"content":{"rendered":"<p><a href=\"http:\/\/1.bp.blogspot.com\/_DSKVEvHtskc\/StblpSWHLiI\/AAAAAAAAFfI\/GyFKyqlA_cQ\/s1600-h\/capafestvais+P.jpg\"><img decoding=\"async\" style=\"display:block; margin:0px auto 10px; text-align:center;cursor:pointer; cursor:hand;width: 397px; height: 400px;\" src=\"http:\/\/1.bp.blogspot.com\/_DSKVEvHtskc\/StblpSWHLiI\/AAAAAAAAFfI\/GyFKyqlA_cQ\/s400\/capafestvais+P.jpg\" border=\"0\" alt=\"\" id=\"BLOGGER_PHOTO_ID_5392750101284728354\" \/><\/a>Compactos de Festivais ou festival de compactos? \u00c9, pelo jeito teremos que prolongar por mais uma semana as postagens de compactos. Est\u00e1 &#8216;bombando&#8217;, como diz o outro&#8230; Acho que vou fazer o seguinte, na pr\u00f3xima semana, colocarei intercalado \u00e0s postagens tradicionais, os disquinhos, ou ent\u00e3o irei revezando. Vamos ver&#8230;<\/p>\n<div>Hoje temos aqui tr\u00eas compactos de tr\u00eas diferentes festivais de m\u00fasica. Como podemos ver logo acima (ou logo a baixo), temos: o III Festival Internacional da Can\u00e7\u00e3o Popular de 1968 trazendo Cynara &#038; Cybele cantando &#8220;Sabi\u00e1&#8221;, de Chico Buarque e Tom Jobim, m\u00fasica vencedora, que levou o primeiro lugar da festa. Do outro lado temos o terceiro lugar, &#8220;Andan\u00e7a&#8221;, de Danilo Caymmi, Paulinho Tapaj\u00f3s e Edmundo Souto, aqui cantanda por Danilo e V\u00e2nia (Santos Leal de Carvalho, irm\u00e3 de Beth Carvalho). Segue com o III Festival Universit\u00e1rio da M\u00fasica Brasileira, de 1970. Neste temos o MPB 4 com o samba, &#8220;Amigo \u00e9 pra essas coisas&#8221; de Aldir Blanc e S\u00edlvio da Silva Jr. Do outro lado segue o Gonzaguinha com sua m\u00fasica &#8220;Parada obrigat\u00f3ria para pensar&#8221;. No terceiro compacto vamos ter o VII Festival Internacional da Can\u00e7\u00e3o, de 1972, aqui representados por Jorge Ben e seu &#8220;Fio Maravilha&#8221; e o MPB 4 com &#8220;Viva Zap\u00e1tria&#8221;, dos mineiros Sirlan e Murilo Antunes. Os disquinhos desta s\u00e9rie n\u00e3o chegam a ser totalmente raridades, considerando que praticamente tudo dos antigos festivais pode ser encontrados na blogosfera, mas n\u00e3o deixam de ser uma boa e interessante op\u00e7\u00e3o. Vamos conferir? \ud83d\ude09<\/div>\n<div><\/div>\n<div style=\"text-align: center;\">andan\u00e7a &#8211; danilo caymmi e v\u00e2nia<\/div>\n<div style=\"text-align: center;\">sabi\u00e1 &#8211; cynara e cybele<\/div>\n<div style=\"text-align: center;\">+<\/div>\n<div style=\"text-align: center;\">amigos \u00e9 pra essas coisas &#8211; mpb 4<\/div>\n<div style=\"text-align: center;\">parada obrigat\u00f3ria para pensar &#8211; luiz gonzaga jr<\/div>\n<div style=\"text-align: center;\">+<\/div>\n<div style=\"text-align: center;\">fio maravilha &#8211; jorge ben<\/div>\n<div style=\"text-align: center;\">viva zap\u00e1tria &#8211; mpb 4<\/div>\n<div style=\"text-align: center;\"><\/div>\n<div style=\"text-align: center;\"><\/div>\n","protected":false},"excerpt":{"rendered":"<p>Compactos de Festivais ou festival de compactos? \u00c9, pelo jeito teremos que prolongar por mais uma semana as postagens de compactos. Est\u00e1 &#8216;bombando&#8217;, como diz o outro&#8230; Acho que vou fazer o seguinte, na pr\u00f3xima semana, colocarei intercalado \u00e0s postagens &hellip; <a href=\"https:\/\/www.toque-musicall.com\/?p=1054\">Continue lendo <span class=\"meta-nav\">&rarr;<\/span><\/a><\/p>\n","protected":false},"author":1,"featured_media":0,"comment_status":"open","ping_status":"closed","sticky":false,"template":"","format":"standard","meta":{"footnotes":""},"categories":[148,93,1338,1337,278,784,583,51,178,767,48],"tags":[],"class_list":["post-1054","post","type-post","status-publish","format-standard","hentry","category-coletanea-compactos-do-toque-musical","category-compactos","category-cynara-e-cybele","category-danilo-caymmi","category-festivais","category-gonzaguinha","category-jorge-ben","category-mpb-4","category-selo-cbs","category-selo-forma","category-selo-philips"],"_links":{"self":[{"href":"https:\/\/www.toque-musicall.com\/index.php?rest_route=\/wp\/v2\/posts\/1054","targetHints":{"allow":["GET"]}}],"collection":[{"href":"https:\/\/www.toque-musicall.com\/index.php?rest_route=\/wp\/v2\/posts"}],"about":[{"href":"https:\/\/www.toque-musicall.com\/index.php?rest_route=\/wp\/v2\/types\/post"}],"author":[{"embeddable":true,"href":"https:\/\/www.toque-musicall.com\/index.php?rest_route=\/wp\/v2\/users\/1"}],"replies":[{"embeddable":true,"href":"https:\/\/www.toque-musicall.com\/index.php?rest_route=%2Fwp%2Fv2%2Fcomments&post=1054"}],"version-history":[{"count":0,"href":"https:\/\/www.toque-musicall.com\/index.php?rest_route=\/wp\/v2\/posts\/1054\/revisions"}],"wp:attachment":[{"href":"https:\/\/www.toque-musicall.com\/index.php?rest_route=%2Fwp%2Fv2%2Fmedia&parent=1054"}],"wp:term":[{"taxonomy":"category","embeddable":true,"href":"https:\/\/www.toque-musicall.com\/index.php?rest_route=%2Fwp%2Fv2%2Fcategories&post=1054"},{"taxonomy":"post_tag","embeddable":true,"href":"https:\/\/www.toque-musicall.com\/index.php?rest_route=%2Fwp%2Fv2%2Ftags&post=1054"}],"curies":[{"name":"wp","href":"https:\/\/api.w.org\/{rel}","templated":true}]}}