{"id":10543,"date":"2024-07-20T16:22:20","date_gmt":"2024-07-20T19:22:20","guid":{"rendered":"https:\/\/www.toque-musicall.com\/?p=10543"},"modified":"2024-07-21T16:25:27","modified_gmt":"2024-07-21T19:25:27","slug":"vera-lucia-1960","status":"publish","type":"post","link":"https:\/\/www.toque-musicall.com\/?p=10543","title":{"rendered":"Vera L\u00facia (1960)"},"content":{"rendered":"\n<figure class=\"wp-block-image size-large\"><img decoding=\"async\" src=\"https:\/\/blogger.googleusercontent.com\/img\/b\/R29vZ2xl\/AVvXsEiKCjZT5q0WMLQmOtU_L7fSQ3e_WolhzrgDlG_8nDwTCeN8aHsUXyEG9_spj67jJuFGFbb7D73ptzepoYlnb2CWff3biJ3dVHpEcsLriV6ci0L-BHmSD6nMPmMrEzzIwWdWsRJkYxbVqonUgWjvCgosSfIDEbRWpJ8QaICEKLv1d_7Hb6fn1H9TVng5kvoE\/w640-h640\/capa%20p.jpg\" alt=\"\"\/><\/figure>\n\n\n\n<figure class=\"wp-block-image size-large\"><img decoding=\"async\" src=\"https:\/\/blogger.googleusercontent.com\/img\/b\/R29vZ2xl\/AVvXsEhgp_mCjQ1oYDvHyWiqZy_8seacvyFN6098mLq8uoPrg6UrFdYoxBwNPs1o5Adj9JtJEQAZfdwKZnCi_cLDiKbvbKGhjQUhUtH8XaA4aP_oO7LTizKJf4OxthilI_fGn4l3hBOWV7ptguctfHqtqSZJ80f9-GZ5YxuHhvOUyi8wtIo1FiBwhwHX99C8I0eQ\/w640-h640\/contracapap.jpg\" alt=\"\"\/><\/figure>\n\n\n<div class=\"separator\">Nesta semana estou postando alguns discos que peguei emprestado como o amigo M\u00e1rcio, dono da melhor loja de discos de Belo Horizonte, a Acervos, que fica na Savassi. L\u00e1 eles tem uma infinidade de discos interessantes, muita coisa antiga e rara para atender o mais diferente gosto musical, rock, jazz, pop, importados, velhos e novos. Mas meu foco s\u00e3o os discos antigos, os raros, obscuros e curiosos da discografia brasileira que cabem t\u00e3o bem em nosso Toque Musical. Voc\u00ea que \u00e9 colecionador e busca por essas raridades, estando em BH, n\u00e3o deixe de passar por l\u00e1. Vai nadar de bra\u00e7ada, como diz o outro \ud83d\ude42<\/div>\n<div class=\"separator\">Ent\u00e3o, para hoje, vamos com a cantora Vera L\u00facia em seu terceiro lp pelo selo Philips. Os dois primeiros pelo mesmo selo j\u00e1 foram apresentados aqui. E mais uma vez temos a cantora nos deliciando com sua voz e um repert\u00f3rio sempre de qualidade. Este disco n\u00e3o \u00e9 novidade para os seguidores de blogs musicais, mas certamente \u00e9 aqui que ele encontra sua &#8216;morada&#8217;, visto que em outras &#8216;pra\u00e7as&#8217; s\u00f3 restou a estampa. Confiram no GTM, pois os links por l\u00e1 tem prazo curto, geralmente com uma validade de seis meses a um ano. Mas sempre h\u00e1 como solicitar no TM uma reposi\u00e7\u00e3o exclusiva. Afinal, quem n\u00e3o chora n\u00e3o mama, n\u00e3o \u00e9 mesmo?<\/div>\n<div class=\"separator\">\u00a0<\/div>\n<div class=\"separator\">brotinho bossa nova<\/div>\n<div class=\"separator\">a can\u00e7\u00e3o dos seus olhos<\/div>\n<div class=\"separator\">em hora errada<\/div>\n<div class=\"separator\">faz de conta<\/div>\n<div class=\"separator\">chamando voc\u00ea<\/div>\n<div class=\"separator\">mundo mau<\/div>\n<div class=\"separator\">pior pra voc\u00ea<\/div>\n<div class=\"separator\">tanto amor<\/div>\n<div class=\"separator\">ser s\u00f3<\/div>\n<div class=\"separator\">figurinha de boite<\/div>\n<div class=\"separator\">s\u00f3 mesmo por amor<\/div>\n<div class=\"separator\">samba triste<\/div>\n<div class=\"separator\">\u00a0<\/div>\n<div class=\"separator\">\u00a0<\/div>\n<div class=\"separator\">.<\/div>","protected":false},"excerpt":{"rendered":"<p>Nesta semana estou postando alguns discos que peguei emprestado como o amigo M\u00e1rcio, dono da melhor loja de discos de Belo Horizonte, a Acervos, que fica na Savassi. L\u00e1 eles tem uma infinidade de discos interessantes, muita coisa antiga e &hellip; <a href=\"https:\/\/www.toque-musicall.com\/?p=10543\">Continue lendo <span class=\"meta-nav\">&rarr;<\/span><\/a><\/p>\n","protected":false},"author":1,"featured_media":0,"comment_status":"closed","ping_status":"closed","sticky":false,"template":"","format":"standard","meta":{"footnotes":""},"categories":[1],"tags":[3012,4765],"class_list":["post-10543","post","type-post","status-publish","format-standard","hentry","category-sem-categoria","tag-selo-philips","tag-vera-lucia"],"_links":{"self":[{"href":"https:\/\/www.toque-musicall.com\/index.php?rest_route=\/wp\/v2\/posts\/10543","targetHints":{"allow":["GET"]}}],"collection":[{"href":"https:\/\/www.toque-musicall.com\/index.php?rest_route=\/wp\/v2\/posts"}],"about":[{"href":"https:\/\/www.toque-musicall.com\/index.php?rest_route=\/wp\/v2\/types\/post"}],"author":[{"embeddable":true,"href":"https:\/\/www.toque-musicall.com\/index.php?rest_route=\/wp\/v2\/users\/1"}],"replies":[{"embeddable":true,"href":"https:\/\/www.toque-musicall.com\/index.php?rest_route=%2Fwp%2Fv2%2Fcomments&post=10543"}],"version-history":[{"count":1,"href":"https:\/\/www.toque-musicall.com\/index.php?rest_route=\/wp\/v2\/posts\/10543\/revisions"}],"predecessor-version":[{"id":10544,"href":"https:\/\/www.toque-musicall.com\/index.php?rest_route=\/wp\/v2\/posts\/10543\/revisions\/10544"}],"wp:attachment":[{"href":"https:\/\/www.toque-musicall.com\/index.php?rest_route=%2Fwp%2Fv2%2Fmedia&parent=10543"}],"wp:term":[{"taxonomy":"category","embeddable":true,"href":"https:\/\/www.toque-musicall.com\/index.php?rest_route=%2Fwp%2Fv2%2Fcategories&post=10543"},{"taxonomy":"post_tag","embeddable":true,"href":"https:\/\/www.toque-musicall.com\/index.php?rest_route=%2Fwp%2Fv2%2Ftags&post=10543"}],"curies":[{"name":"wp","href":"https:\/\/api.w.org\/{rel}","templated":true}]}}