{"id":10547,"date":"2024-07-22T21:50:32","date_gmt":"2024-07-23T00:50:32","guid":{"rendered":"https:\/\/www.toque-musicall.com\/?p=10547"},"modified":"2024-07-22T22:34:48","modified_gmt":"2024-07-23T01:34:48","slug":"dalila-sensacao-1964","status":"publish","type":"post","link":"https:\/\/www.toque-musicall.com\/?p=10547","title":{"rendered":"Dalila &#8211; Sensa\u00e7\u00e3o (1964)"},"content":{"rendered":"\n<figure class=\"wp-block-image size-large\"><img decoding=\"async\" src=\"https:\/\/blogger.googleusercontent.com\/img\/b\/R29vZ2xl\/AVvXsEh2wgrQUuIgUqjGjveC2XDNdfNJEOSTrwKqudOn5kmDAwwFNBTNE_HcPxAeS7d4G6RDxZ4kTwRoqWM0maHs8Zi0aJJ-K5UtHZCPRHwYhzBNv2n2OCWq6utKBcwk7wf9zfDc9UKc3LdmfBo-QzbKiJ2Cf62HUFZAZmSx7kne8BrYectvKZd-jFvFj-zYBqrs\/w640-h624\/Capturar.JPG\" alt=\"\"\/><\/figure>\n\n\n\n<figure class=\"wp-block-image size-large\"><img decoding=\"async\" src=\"https:\/\/blogger.googleusercontent.com\/img\/b\/R29vZ2xl\/AVvXsEiEMIqrkWVtv_xsFZoeQLoXRCOTbbgt3WVyFBYFQgy8XezBkLagUp-en5l4qMRi_3F5Ku7W7bNjlwArashh0SUob8iOaO1z6fOPGOBHxONU6uP5h3T_f2ImvnQkp0nlAE04bM1s-YK-o4q8KNEDtrHtS4pPBS5YJOhHa7LSVux283zVL-PpGEeLNC0VysZI\/w640-h624\/Capturarb.JPG\" alt=\"\"\/><\/figure>\n\n\n<div class=\"separator\">No m\u00eas de anivers\u00e1rio do nosso Toque Musical vamos buscando trazer alguns discos realmente interessantes. Aqui, mais uma raridade que voc\u00ea, colecionador n\u00e3o pode perder e que por certo ir\u00e1 encontrar na Acervos, uma excelente loja de discos de Belo Horizonte (Acervos, da Savassi, ok?), Dalila, uma excelente cantora ga\u00facha que surgiu nos anos 60 a partir de um programa da TV Record, de S\u00e3o Paulo, chamado &#8220;Um cantor por um milh\u00e3o&#8221;, no qual ela, merecidamente, foi escolhida como melhor int\u00e9rprete. Como pr\u00eamio, ela ganhou um milh\u00e3o de cruzeiros e a grava\u00e7\u00e3o de um lp, no caso, este que agora apresentamos. Foi assim o come\u00e7o de uma grande carreira que mais tarde a levaria a um plano ainda mais alto, como artista internacional. Durante os anos 60 ela gravou outros discos, participou ao lado de outros grandes artistas em diferentes projetos, carnavais e festivais. Em 65 gravou outro \u00f3timo lp pela Polydor. J\u00e1 nos anos 70 viajou para a Europa representando a m\u00fasica brasileira, o samba, em diversos espet\u00e1culos de sucesso e por l\u00e1 ficou. Mudou-se para a Su\u00e9cia se tornando uma artista mais conhecida por l\u00e1 do que aqui, no Brasil. Infelizmente, em 2004 ela veio a falecer, encerrando de vez uma gloriosa carreira, sendo enterrada na Su\u00e9cia. A prop\u00f3sito, seu nome verdadeiro era Gl\u00f3ria.<\/div>\n<div class=\"separator\">Quanto a este disco, n\u00e3o \u00e9 preciso nem falar, uma beleza, assim como a pr\u00f3pria capa. Disca\u00e7o! Imperd\u00edvel, diga-se de passagem&#8230;<\/div>\n<div class=\"separator\">\u00a0<\/div>\n<div class=\"separator\">devagar com a lou\u00e7a<\/div>\n<div class=\"separator\">eu quero um samba<\/div>\n<div class=\"separator\">samba no chuveiro<\/div>\n<div class=\"separator\">o apito na escola de samba<\/div>\n<div class=\"separator\">samba encabulado<\/div>\n<div class=\"separator\">tchau mesmo<\/div>\n<div class=\"separator\">crioulo bem<\/div>\n<div class=\"separator\">samba rasgado<\/div>\n<div class=\"separator\">todo dia \u00e9 dia de chorar<\/div>\n<div class=\"separator\">ponta e plac\u00ea<\/div>\n<div class=\"separator\">\u00e9 o fim<\/div>\n<div class=\"separator\">desafinado<\/div>\n<div class=\"separator\">\u00a0<\/div>\n<div class=\"separator\">\u00a0<\/div>\n<div class=\"separator\">.<\/div>","protected":false},"excerpt":{"rendered":"<p>No m\u00eas de anivers\u00e1rio do nosso Toque Musical vamos buscando trazer alguns discos realmente interessantes. Aqui, mais uma raridade que voc\u00ea, colecionador n\u00e3o pode perder e que por certo ir\u00e1 encontrar na Acervos, uma excelente loja de discos de Belo &hellip; <a href=\"https:\/\/www.toque-musicall.com\/?p=10547\">Continue lendo <span class=\"meta-nav\">&rarr;<\/span><\/a><\/p>\n","protected":false},"author":1,"featured_media":0,"comment_status":"closed","ping_status":"closed","sticky":false,"template":"","format":"standard","meta":{"footnotes":""},"categories":[1],"tags":[5716,3057],"class_list":["post-10547","post","type-post","status-publish","format-standard","hentry","category-sem-categoria","tag-dalila","tag-selo-polydor"],"_links":{"self":[{"href":"https:\/\/www.toque-musicall.com\/index.php?rest_route=\/wp\/v2\/posts\/10547","targetHints":{"allow":["GET"]}}],"collection":[{"href":"https:\/\/www.toque-musicall.com\/index.php?rest_route=\/wp\/v2\/posts"}],"about":[{"href":"https:\/\/www.toque-musicall.com\/index.php?rest_route=\/wp\/v2\/types\/post"}],"author":[{"embeddable":true,"href":"https:\/\/www.toque-musicall.com\/index.php?rest_route=\/wp\/v2\/users\/1"}],"replies":[{"embeddable":true,"href":"https:\/\/www.toque-musicall.com\/index.php?rest_route=%2Fwp%2Fv2%2Fcomments&post=10547"}],"version-history":[{"count":3,"href":"https:\/\/www.toque-musicall.com\/index.php?rest_route=\/wp\/v2\/posts\/10547\/revisions"}],"predecessor-version":[{"id":10551,"href":"https:\/\/www.toque-musicall.com\/index.php?rest_route=\/wp\/v2\/posts\/10547\/revisions\/10551"}],"wp:attachment":[{"href":"https:\/\/www.toque-musicall.com\/index.php?rest_route=%2Fwp%2Fv2%2Fmedia&parent=10547"}],"wp:term":[{"taxonomy":"category","embeddable":true,"href":"https:\/\/www.toque-musicall.com\/index.php?rest_route=%2Fwp%2Fv2%2Fcategories&post=10547"},{"taxonomy":"post_tag","embeddable":true,"href":"https:\/\/www.toque-musicall.com\/index.php?rest_route=%2Fwp%2Fv2%2Ftags&post=10547"}],"curies":[{"name":"wp","href":"https:\/\/api.w.org\/{rel}","templated":true}]}}