{"id":10552,"date":"2024-07-23T21:45:00","date_gmt":"2024-07-24T00:45:00","guid":{"rendered":"https:\/\/www.toque-musicall.com\/?p=10552"},"modified":"2024-07-23T21:45:00","modified_gmt":"2024-07-24T00:45:00","slug":"os-rouxinois-e-pachequinho-e-sua-orquestra-isto-e-sucesso-1963","status":"publish","type":"post","link":"https:\/\/www.toque-musicall.com\/?p=10552","title":{"rendered":"Os Rouxin\u00f3is E Pachequinho E Sua Orquestra &#8211; Isto \u00c9 Sucesso (1963)\u00a0"},"content":{"rendered":"\n<figure class=\"wp-block-image size-large\"><img decoding=\"async\" src=\"https:\/\/blogger.googleusercontent.com\/img\/b\/R29vZ2xl\/AVvXsEi4QjTwQiFioewsfL68Ey-nqHez3sLBQI5YDaBG7O5vQWCav-4wRnqh0Ug10KFgeXdgf28Lmppjmwqo_954aTz5kqeB2Xqf4sUWFJ-KuLpuo31ndEZRDnZwei1DvJvCh9ke3RlFB0F_y66bCnXi5Vh5yIieg4kyqpQCaICGpQf-XNXGdYEQ2_uJYKcuDJZ-\/w640-h636\/Capturar.JPG\" alt=\"\"\/><\/figure>\n\n\n\n<figure class=\"wp-block-image size-large\"><img decoding=\"async\" src=\"https:\/\/blogger.googleusercontent.com\/img\/b\/R29vZ2xl\/AVvXsEi5dvw7KmR8ROG-rQKO4B4ncja3evlDB6Rv6IOk3wR8c2Ogok1G8soI9o6KbSJxqwkuUjwxcg_BpoXEBjVmW0nzlBkN_Kn0-xC6aCyFefq4DoFAQP0AxqiFrOL07UlO9A0eB0k3nnKaBki-KQgc4i9kzjrENMXT8k3f22aCZ2h7TfZ_5fB19w2qjUwTx1ga\/w640-h636\/Capturarb.JPG\" alt=\"\"\/><\/figure>\n\n\n<div class=\"separator\">Agora h\u00e1 pouco, quando preparava esta postagem, tentei entrar na vers\u00e3o blogger.com, onde inicio como postagem principal (Galeria de Postagens do Toque Musical) e levei um baita susto, pois o blog n\u00e3o abriu. Mostrou uma mensagem t\u00edpica de quando \u00e9 deletado. Achei que tivessem bloqueado essa minha conta. Se isso acontecesse seria um caos, uma perda irrepar\u00e1vel para mim e para voc\u00eas, amigos cultos e ocultos. Por\u00e9m, mexendo daqui e dali consegui acess\u00e1-lo por dentro, possibilitando criar esta postagem. Contudo, n\u00e3o h\u00e1 acesso ao blog no ambiente p\u00fablico, pelo menos at\u00e9 este momento. Espero que seja apenas uma instabilidade, pois se n\u00e3o conseguir acess\u00e1-lo, n\u00e3o tenho como fazer um backup para a vers\u00e3o WordPress (www.toque-musicall.com), que \u00e9 a mais conhecida e visitada. Da\u00ed, s\u00f3 conseguirei fazer essa e outras publica\u00e7\u00f5es quando a coisa voltar ao normal. Espero que seja s\u00f3 um mal funcionamento. Tomara&#8230;<\/div>\n<div class=\"separator\">Assim, vou seguindo e j\u00e1 deixando pronta a publica\u00e7\u00e3o do dia. Temos desta vez um disco do selo Copacabana, safra 1963, trazendo o grupo vocal, Os Rouxin\u00f3is, acompanhados pelo maestro Pachequinho e sua orquestra. Um lp bacana com repert\u00f3rio de sucessos nacionais e internacionais que por certo ir\u00e1 agradar a muitos por aqui. Confiram o arquivo completo no GTM, (Grupo do Toque Musical).<\/div>\n<div class=\"separator\">\u00a0<\/div>\n<div class=\"separator\">o passo do elefantinho<\/div>\n<div class=\"separator\">uirapuru<\/div>\n<div class=\"separator\">papai walt disney<\/div>\n<div class=\"separator\">z\u00e9 de concei\u00e7\u00e3o<\/div>\n<div class=\"separator\">tudo de mim<\/div>\n<div class=\"separator\">sonho de menina<\/div>\n<div class=\"separator\">afrikaan beat<\/div>\n<div class=\"separator\">making believe<\/div>\n<div class=\"separator\">al di l\u00e0<\/div>\n<div class=\"separator\">sonhar contigo<\/div>\n<div class=\"separator\">maria<\/div>\n<div class=\"separator\">autumn souveniers<\/div>\n<div class=\"separator\">\u00a0<\/div>\n<div class=\"separator\">\u00a0<\/div>\n<div class=\"separator\">.<\/div>","protected":false},"excerpt":{"rendered":"<p>Agora h\u00e1 pouco, quando preparava esta postagem, tentei entrar na vers\u00e3o blogger.com, onde inicio como postagem principal (Galeria de Postagens do Toque Musical) e levei um baita susto, pois o blog n\u00e3o abriu. Mostrou uma mensagem t\u00edpica de quando \u00e9 &hellip; <a href=\"https:\/\/www.toque-musicall.com\/?p=10552\">Continue lendo <span class=\"meta-nav\">&rarr;<\/span><\/a><\/p>\n","protected":false},"author":1,"featured_media":0,"comment_status":"closed","ping_status":"closed","sticky":false,"template":"","format":"standard","meta":{"footnotes":""},"categories":[1],"tags":[5717,4406,3108],"class_list":["post-10552","post","type-post","status-publish","format-standard","hentry","category-sem-categoria","tag-os-rouxinois","tag-pachequinho","tag-selo-copacabana"],"_links":{"self":[{"href":"https:\/\/www.toque-musicall.com\/index.php?rest_route=\/wp\/v2\/posts\/10552","targetHints":{"allow":["GET"]}}],"collection":[{"href":"https:\/\/www.toque-musicall.com\/index.php?rest_route=\/wp\/v2\/posts"}],"about":[{"href":"https:\/\/www.toque-musicall.com\/index.php?rest_route=\/wp\/v2\/types\/post"}],"author":[{"embeddable":true,"href":"https:\/\/www.toque-musicall.com\/index.php?rest_route=\/wp\/v2\/users\/1"}],"replies":[{"embeddable":true,"href":"https:\/\/www.toque-musicall.com\/index.php?rest_route=%2Fwp%2Fv2%2Fcomments&post=10552"}],"version-history":[{"count":1,"href":"https:\/\/www.toque-musicall.com\/index.php?rest_route=\/wp\/v2\/posts\/10552\/revisions"}],"predecessor-version":[{"id":10553,"href":"https:\/\/www.toque-musicall.com\/index.php?rest_route=\/wp\/v2\/posts\/10552\/revisions\/10553"}],"wp:attachment":[{"href":"https:\/\/www.toque-musicall.com\/index.php?rest_route=%2Fwp%2Fv2%2Fmedia&parent=10552"}],"wp:term":[{"taxonomy":"category","embeddable":true,"href":"https:\/\/www.toque-musicall.com\/index.php?rest_route=%2Fwp%2Fv2%2Fcategories&post=10552"},{"taxonomy":"post_tag","embeddable":true,"href":"https:\/\/www.toque-musicall.com\/index.php?rest_route=%2Fwp%2Fv2%2Ftags&post=10552"}],"curies":[{"name":"wp","href":"https:\/\/api.w.org\/{rel}","templated":true}]}}