{"id":10557,"date":"2024-07-25T22:02:39","date_gmt":"2024-07-26T01:02:39","guid":{"rendered":"https:\/\/www.toque-musicall.com\/?p=10557"},"modified":"2024-07-26T22:05:11","modified_gmt":"2024-07-27T01:05:11","slug":"luiza-1964","status":"publish","type":"post","link":"https:\/\/www.toque-musicall.com\/?p=10557","title":{"rendered":"Luiza (1964)"},"content":{"rendered":"\n<figure class=\"wp-block-image size-large\"><img decoding=\"async\" src=\"https:\/\/blogger.googleusercontent.com\/img\/b\/R29vZ2xl\/AVvXsEiOouEDCJ6RkECB6XlfS-IOKjcUOAhNtMBSVKU5h9_pF5fjMv3ayLqqTCApbYGKYhkdUc4kBHtHOhtDJXYAasADQ-JFp6GOhYUgbCEc9VxV40Z7Pqj9-f5zImA7WCN7_ArzuL7ScdqHIDUIlk4BhwhKG6eyfoy6OUbXGTQNj1WPN_nfuUofyxm3TYW_7dZZ\/w638-h640\/CapaLPFront.jpg\" alt=\"\"\/><\/figure>\n\n\n\n<figure class=\"wp-block-image size-large\"><img decoding=\"async\" src=\"https:\/\/blogger.googleusercontent.com\/img\/b\/R29vZ2xl\/AVvXsEiX6Pu6VYiNwWcF25rTYNJE7vgmeQNdKcA3bFfCrOrXO4c84J1xqxNTcrh3uSwCKttl-haDejY9yrUSYyI0Kh-Fh8FDmqOIQpy9asAgTWTUGXQ-7MDVvsaVSchAsU0LiMByaC3XqZ-HgomoCJXPGkCySKu3-9E-1II_4QlGmJ0XEuZfER1vmZOarcgmmB4Q\/w640-h640\/contra.jpg\" alt=\"\"\/><\/figure>\n\n\n<div class=\"separator\">Depois de uma Luisa portuguesa, que tal uma Luiza brasileira? Por certo, n\u00e3o h\u00e1 o que comparar, at\u00e9 mesmo porque uma \u00e9 com S e outra \u00e9 com Z. Na verdade, s\u00e3o coisas bem distintas, g\u00eaneros diferentes, cada uma em seu lugar. Aproveitamos mesmo foi s\u00f3 para dar ter um gancho&#8230;<\/div>\n<div class=\"separator\">Esta \u00e9 Luiza, cantora mineira e se n\u00e3o estamos enganados, de Belo Horizonte&#8230; H\u00e1 pouco tempo atr\u00e1s publicamos aqui um outro disco dela, um compacto. E agora vamos com o lp, tamb\u00e9m mencionado na postagem anterior. Replicando&#8230; Luiza, que surgiu nos anos 60 como uma revela\u00e7\u00e3o da Bossa Nova. Gravou em 64 este seu primeiro e \u00fanico lp, um disco hoje consagrado, raro e que s\u00f3 a alguns anos atr\u00e1s recebeu uma reedi\u00e7\u00e3o em cd. O que fez o disco ser especial, al\u00e9m de sua bel\u00edssima voz e estampa foi o fato de ter sido nele que aparece uma primeira parceria de Dori Caummi e Edu Lobo. O disco \u00e9 recheado de compositores bossanovistas e dele participam v\u00e1rios, entre esses, Milton Nascimento e Wagner Tiso, em in\u00edcio de carreira. Para dourar mais a coisa, temos tamb\u00e9m a participa\u00e7\u00e3o, arranjos e reg\u00eancias do maestro Moacir Santos. Da\u00ed se v\u00ea que Luiza estava com a bola toda. Embora vivendo intensamente as transforma\u00e7\u00f5es musicais da \u00e9poca, tendo seu apartamento sempre bem frequentado por outros artistas, assim como Nara Le\u00e3o, em seu apartamento, Luiza acabou seguindo carreira no magist\u00e9rio, se tornando professora, casou e foi ser dona de casa&#8230;<\/div>\n<div class=\"separator\">\u00a0<\/div>\n<div class=\"separator\">abandono<\/div>\n<div class=\"separator\">sem ter por que<\/div>\n<div class=\"separator\">voc\u00ea<\/div>\n<div class=\"separator\">passa por mim<\/div>\n<div class=\"separator\">deus brasileiro<\/div>\n<div class=\"separator\">manh\u00e3 sem voc\u00ea<\/div>\n<div class=\"separator\">meu caminho<\/div>\n<div class=\"separator\">meu comportamento<\/div>\n<div class=\"separator\">pensa<\/div>\n<div class=\"separator\">olhando estrelas no c\u00e9u<\/div>\n<div class=\"separator\">mar amar<\/div>\n<div class=\"separator\">\u00a0<\/div>\n<div class=\"separator\">\u00a0<\/div>","protected":false},"excerpt":{"rendered":"<p>Depois de uma Luisa portuguesa, que tal uma Luiza brasileira? Por certo, n\u00e3o h\u00e1 o que comparar, at\u00e9 mesmo porque uma \u00e9 com S e outra \u00e9 com Z. Na verdade, s\u00e3o coisas bem distintas, g\u00eaneros diferentes, cada uma em &hellip; <a href=\"https:\/\/www.toque-musicall.com\/?p=10557\">Continue lendo <span class=\"meta-nav\">&rarr;<\/span><\/a><\/p>\n","protected":false},"author":1,"featured_media":0,"comment_status":"closed","ping_status":"closed","sticky":false,"template":"","format":"standard","meta":{"footnotes":""},"categories":[1],"tags":[4387,3061],"class_list":["post-10557","post","type-post","status-publish","format-standard","hentry","category-sem-categoria","tag-luiza","tag-selo-rca-victor"],"_links":{"self":[{"href":"https:\/\/www.toque-musicall.com\/index.php?rest_route=\/wp\/v2\/posts\/10557","targetHints":{"allow":["GET"]}}],"collection":[{"href":"https:\/\/www.toque-musicall.com\/index.php?rest_route=\/wp\/v2\/posts"}],"about":[{"href":"https:\/\/www.toque-musicall.com\/index.php?rest_route=\/wp\/v2\/types\/post"}],"author":[{"embeddable":true,"href":"https:\/\/www.toque-musicall.com\/index.php?rest_route=\/wp\/v2\/users\/1"}],"replies":[{"embeddable":true,"href":"https:\/\/www.toque-musicall.com\/index.php?rest_route=%2Fwp%2Fv2%2Fcomments&post=10557"}],"version-history":[{"count":1,"href":"https:\/\/www.toque-musicall.com\/index.php?rest_route=\/wp\/v2\/posts\/10557\/revisions"}],"predecessor-version":[{"id":10558,"href":"https:\/\/www.toque-musicall.com\/index.php?rest_route=\/wp\/v2\/posts\/10557\/revisions\/10558"}],"wp:attachment":[{"href":"https:\/\/www.toque-musicall.com\/index.php?rest_route=%2Fwp%2Fv2%2Fmedia&parent=10557"}],"wp:term":[{"taxonomy":"category","embeddable":true,"href":"https:\/\/www.toque-musicall.com\/index.php?rest_route=%2Fwp%2Fv2%2Fcategories&post=10557"},{"taxonomy":"post_tag","embeddable":true,"href":"https:\/\/www.toque-musicall.com\/index.php?rest_route=%2Fwp%2Fv2%2Ftags&post=10557"}],"curies":[{"name":"wp","href":"https:\/\/api.w.org\/{rel}","templated":true}]}}