{"id":1056,"date":"2009-10-13T10:36:00","date_gmt":"2009-10-13T10:36:00","guid":{"rendered":"http:\/\/www.toque-musicall.com\/?p=1056"},"modified":"2009-10-13T10:36:00","modified_gmt":"2009-10-13T10:36:00","slug":"alda-perdigao-dorinha-freitas-martha-mendonca-compactos","status":"publish","type":"post","link":"https:\/\/www.toque-musicall.com\/?p=1056","title":{"rendered":"Alda Perdig\u00e3o, Dorinha Freitas, Martha Mendon\u00e7a &#8211; Compactos"},"content":{"rendered":"<p><img decoding=\"async\" style=\"display:block; margin:0px auto 10px; text-align:center;cursor:pointer; cursor:hand;width: 397px; height: 400px;\" src=\"http:\/\/4.bp.blogspot.com\/_DSKVEvHtskc\/SteKvUP50zI\/AAAAAAAAFfU\/X7j6Be-dtVA\/s400\/capa.jpg\" border=\"0\" alt=\"\" id=\"BLOGGER_PHOTO_ID_5392931624293356338\" \/>Ol\u00e1 amigos cultos e ocultos! Realmente o tal do compacto faz um sucesso danado e dar o maior &#8216;ibope&#8217;. Por isso, essa semana vai ser quente \ud83d\ude09<\/p>\n<div>Para hoje trago tr\u00eas disquinhos bacana, com tr\u00eas cantoras que embora n\u00e3o tenham muito a ver uma com a outra, n\u00e3o deixam de ter em comum o fato de serem excelentes int\u00e9pretes e de terem iniciado suas carreiras nos anos 50. Como podemos ver logo acima, aqui est\u00e3o: Alda Perdig\u00e3o, cantora paulista de grande potencia vocal, fez muito sucesso nos anos 50 n\u00e3o apenas pela presen\u00e7a e voz, mas por estar ligada ao &#8216;cast&#8217; de emissoras de televis\u00e3o, o que lhe garantia mais popularidade. Chegou a ter um programa exclusivamente dela, de 30 minutos, na TV Cultura de S\u00e3o Paulo. Dorinha Freitas \u00e9 outra cantora paulista. Come\u00e7ou a carreira em 1956, meio que por acaso ao se inscrever, sem pretens\u00f5es, em um programa de calouros na TV Tupi. Tirou o primeiro lugar, foi contratada pela emissora e logo em seguida lan\u00e7ou seu primeiro disco. Considerada uma das melhores vozes da era final do R\u00e1dio, gravou uma dezena de discos pela RGE, Continental e Copacabana. A terceira cantora \u00e9 a mineira Martha Mendon\u00e7a, que tamb\u00e9m estreou nos anos 50 pela Chantecler. Cantou em casas noturnas de S\u00e3o Paulo. Gravou v\u00e1rios discos e fez muito sucesso at\u00e9 fora do Brasil. Casou-se com o cantor Altemar Dutra e logo abandonou a carreira, se dedicando apenas \u00e0 familia. Segue assim tr\u00eas estilos femininos diferentes, todas de grande talento. Confiram o toque&#8230;<\/div>\n<p><\/p>\n<div> <\/div>\n<div style=\"text-align: center;\">Alda Perdig\u00e3o<\/div>\n<div style=\"text-align: center;\">desespero<\/div>\n<div style=\"text-align: center;\">primeiro beijo<\/div>\n<div style=\"text-align: center;\"><\/div>\n<div style=\"text-align: center;\">Dorinha Freitas<\/div>\n<div style=\"text-align: center;\">aqui neste mesmo lugar<\/div>\n<div style=\"text-align: center;\">descendo o morro<\/div>\n<div style=\"text-align: center;\">lamento<\/div>\n<div style=\"text-align: center;\">vento vadio<\/div>\n<div style=\"text-align: center;\">voc\u00ea \u00e9 a saudade<\/div>\n<div style=\"text-align: center;\"><\/div>\n<div style=\"text-align: center;\">Martha Mendon\u00e7a<\/div>\n<div style=\"text-align: center;\">can\u00e7\u00e3o cigana<\/div>\n<div style=\"text-align: center;\">eu mesma<\/div>\n<div style=\"text-align: center;\"><\/div>\n<div style=\"text-align: center;\"><\/div>\n<div> <\/div>\n","protected":false},"excerpt":{"rendered":"<p>Ol\u00e1 amigos cultos e ocultos! Realmente o tal do compacto faz um sucesso danado e dar o maior &#8216;ibope&#8217;. Por isso, essa semana vai ser quente \ud83d\ude09 Para hoje trago tr\u00eas disquinhos bacana, com tr\u00eas cantoras que embora n\u00e3o tenham &hellip; <a href=\"https:\/\/www.toque-musicall.com\/?p=1056\">Continue lendo <span class=\"meta-nav\">&rarr;<\/span><\/a><\/p>\n","protected":false},"author":1,"featured_media":0,"comment_status":"open","ping_status":"closed","sticky":false,"template":"","format":"standard","meta":{"footnotes":""},"categories":[1342,712,981],"tags":[],"class_list":["post-1056","post","type-post","status-publish","format-standard","hentry","category-alda-perdigao","category-dorinha-freitas","category-martha-mendonca"],"_links":{"self":[{"href":"https:\/\/www.toque-musicall.com\/index.php?rest_route=\/wp\/v2\/posts\/1056","targetHints":{"allow":["GET"]}}],"collection":[{"href":"https:\/\/www.toque-musicall.com\/index.php?rest_route=\/wp\/v2\/posts"}],"about":[{"href":"https:\/\/www.toque-musicall.com\/index.php?rest_route=\/wp\/v2\/types\/post"}],"author":[{"embeddable":true,"href":"https:\/\/www.toque-musicall.com\/index.php?rest_route=\/wp\/v2\/users\/1"}],"replies":[{"embeddable":true,"href":"https:\/\/www.toque-musicall.com\/index.php?rest_route=%2Fwp%2Fv2%2Fcomments&post=1056"}],"version-history":[{"count":0,"href":"https:\/\/www.toque-musicall.com\/index.php?rest_route=\/wp\/v2\/posts\/1056\/revisions"}],"wp:attachment":[{"href":"https:\/\/www.toque-musicall.com\/index.php?rest_route=%2Fwp%2Fv2%2Fmedia&parent=1056"}],"wp:term":[{"taxonomy":"category","embeddable":true,"href":"https:\/\/www.toque-musicall.com\/index.php?rest_route=%2Fwp%2Fv2%2Fcategories&post=1056"},{"taxonomy":"post_tag","embeddable":true,"href":"https:\/\/www.toque-musicall.com\/index.php?rest_route=%2Fwp%2Fv2%2Ftags&post=1056"}],"curies":[{"name":"wp","href":"https:\/\/api.w.org\/{rel}","templated":true}]}}