{"id":10562,"date":"2024-07-27T19:41:37","date_gmt":"2024-07-27T22:41:37","guid":{"rendered":"https:\/\/www.toque-musicall.com\/?p=10562"},"modified":"2024-07-29T19:43:37","modified_gmt":"2024-07-29T22:43:37","slug":"tuca-meu-eu-1966","status":"publish","type":"post","link":"https:\/\/www.toque-musicall.com\/?p=10562","title":{"rendered":"Tuca &#8211; Meu Eu (1966)"},"content":{"rendered":"\n<figure class=\"wp-block-image size-large\"><img decoding=\"async\" src=\"https:\/\/blogger.googleusercontent.com\/img\/b\/R29vZ2xl\/AVvXsEi7vGfJx2c_GjQlBJj0K5yMp_rHO1xn_GccAVDyudTMClLOgu61l1tO7lb-tRprOtq9Ty9TFeBqw7yM0NBQ15la92Yl2Z68oJTP7zvpKLadH8aZkfyPQvWnZ82-nn5c8vxcWNvFr7h_odkDQJF6yJuQi-ATUEBIRDcvSOCAI6IHODsmDhz4Gd1g-U_jq59K\/w640-h632\/Capturar.JPG\" alt=\"\"\/><\/figure>\n\n\n\n<figure class=\"wp-block-image size-large\"><img decoding=\"async\" src=\"https:\/\/blogger.googleusercontent.com\/img\/b\/R29vZ2xl\/AVvXsEjGsz4IhJTSxD3O3mVTm7GZkvdjdadXlK2QHATXRJhRkkPYu2TyoXEH3pKUqcYhEZqQkCfdWsPkCk5vbOuzVmbSmpGufqsISbuPLrBKP7yUKTD6thrHLSn3ain5lRIeaM0KPFabmbLbOIatU_0orYDBPTXiecARgcVrVcgPisnLXiN23tfM_d_PaWqm2J-m\/w640-h630\/Capturarb.JPG\" alt=\"\"\/><\/figure>\n\n\n<div class=\"separator\">H\u00e1 tempos fiquei de postar aqui este disco da cantora e compositora paulista Tuca (Valeniza Zagni da Silva). &#8220;Meu eu&#8221; foi seu primeiro lp, gravado no final de 65 e lan\u00e7ado em 1966 pelo selo Chantecler, com arranjos e reg\u00eancias dos maestros Erlon Chaves, Francisco Moraes e Renato Mendes. Um disco muito bacana que merecia uma reedi\u00e7\u00e3o. Ali\u00e1s, n\u00e3o apenas este, mas tamb\u00e9m seus dois outros trabalhos lan\u00e7ados em 68 e 74. Em 1971 ela tamb\u00e9m participou do disco da cantora francesa Fran\u00e7oise Hardy, onde boa parte das composi\u00e7\u00f5es eram suas, &#8220;La Question&#8221;, o nome do lp, foi tamb\u00e9m lan\u00e7ado no Brasil pela Som Livre. Infelizmente, Tuca veio a falecer em 1978 por conta de uma dieta radical que fez para emagrecer.<\/div>\n<div class=\"separator\">\u00a0<\/div>\n<div class=\"separator\">curtinha n\u00ba2<\/div>\n<div class=\"separator\">refr\u00e3o &#8220;guerra e paz&#8221;<\/div>\n<div class=\"separator\">a estrada<\/div>\n<div class=\"separator\">medieval<\/div>\n<div class=\"separator\">yemanj\u00e1<\/div>\n<div class=\"separator\">aconteceu de repente<\/div>\n<div class=\"separator\">terra triste<\/div>\n<div class=\"separator\">xang\u00f4 &#8220;meu santo \u00e9 forte&#8221;<\/div>\n<div class=\"separator\">amor e morte de um soldadinho de chumbo<\/div>\n<div class=\"separator\">meio sert\u00e3o andei<\/div>\n<div class=\"separator\">simplicidade<\/div>\n<div class=\"separator\">cirandando<\/div>\n<div class=\"separator\">homem de verdade<\/div>\n<div class=\"separator\">\u00a0<\/div>\n<div class=\"separator\">\u00a0<\/div>\n<div class=\"separator\">.<\/div>","protected":false},"excerpt":{"rendered":"<p>H\u00e1 tempos fiquei de postar aqui este disco da cantora e compositora paulista Tuca (Valeniza Zagni da Silva). &#8220;Meu eu&#8221; foi seu primeiro lp, gravado no final de 65 e lan\u00e7ado em 1966 pelo selo Chantecler, com arranjos e reg\u00eancias &hellip; <a href=\"https:\/\/www.toque-musicall.com\/?p=10562\">Continue lendo <span class=\"meta-nav\">&rarr;<\/span><\/a><\/p>\n","protected":false},"author":1,"featured_media":0,"comment_status":"closed","ping_status":"closed","sticky":false,"template":"","format":"standard","meta":{"footnotes":""},"categories":[1],"tags":[3073,5719],"class_list":["post-10562","post","type-post","status-publish","format-standard","hentry","category-sem-categoria","tag-selo-chantecler","tag-tuca"],"_links":{"self":[{"href":"https:\/\/www.toque-musicall.com\/index.php?rest_route=\/wp\/v2\/posts\/10562","targetHints":{"allow":["GET"]}}],"collection":[{"href":"https:\/\/www.toque-musicall.com\/index.php?rest_route=\/wp\/v2\/posts"}],"about":[{"href":"https:\/\/www.toque-musicall.com\/index.php?rest_route=\/wp\/v2\/types\/post"}],"author":[{"embeddable":true,"href":"https:\/\/www.toque-musicall.com\/index.php?rest_route=\/wp\/v2\/users\/1"}],"replies":[{"embeddable":true,"href":"https:\/\/www.toque-musicall.com\/index.php?rest_route=%2Fwp%2Fv2%2Fcomments&post=10562"}],"version-history":[{"count":1,"href":"https:\/\/www.toque-musicall.com\/index.php?rest_route=\/wp\/v2\/posts\/10562\/revisions"}],"predecessor-version":[{"id":10563,"href":"https:\/\/www.toque-musicall.com\/index.php?rest_route=\/wp\/v2\/posts\/10562\/revisions\/10563"}],"wp:attachment":[{"href":"https:\/\/www.toque-musicall.com\/index.php?rest_route=%2Fwp%2Fv2%2Fmedia&parent=10562"}],"wp:term":[{"taxonomy":"category","embeddable":true,"href":"https:\/\/www.toque-musicall.com\/index.php?rest_route=%2Fwp%2Fv2%2Fcategories&post=10562"},{"taxonomy":"post_tag","embeddable":true,"href":"https:\/\/www.toque-musicall.com\/index.php?rest_route=%2Fwp%2Fv2%2Ftags&post=10562"}],"curies":[{"name":"wp","href":"https:\/\/api.w.org\/{rel}","templated":true}]}}