{"id":10566,"date":"2024-07-28T20:29:30","date_gmt":"2024-07-28T23:29:30","guid":{"rendered":"https:\/\/www.toque-musicall.com\/?p=10566"},"modified":"2024-07-29T20:31:46","modified_gmt":"2024-07-29T23:31:46","slug":"rosinha-de-valenca-apresenta-o-ipanema-beat-1970","status":"publish","type":"post","link":"https:\/\/www.toque-musicall.com\/?p=10566","title":{"rendered":"Rosinha De Valen\u00e7a &#8211; Apresenta O Ipanema Beat (1970)"},"content":{"rendered":"\n<figure class=\"wp-block-image size-large\"><img decoding=\"async\" src=\"https:\/\/blogger.googleusercontent.com\/img\/b\/R29vZ2xl\/AVvXsEh2F0pnfkLmei3SKZprlQ9yWVJGFxRNuldoVBfWYrSEPhvdE3pJuK9GUHDEwTS2txJl92zIY58kaw_x6-ZvHqU20aXkCIlZz7oxTRhdL8GZkzyubM6I3OntMXCUSw9dRbmXaRd8ugtiVCDD2hRg0KY0YJv8F-bTqCyHP0YgZGaYiCOwqCpxs4MNDzAwTDe9\/w640-h628\/Capturar.JPG\" alt=\"\"\/><\/figure>\n\n\n\n<figure class=\"wp-block-image size-large\"><img decoding=\"async\" src=\"https:\/\/blogger.googleusercontent.com\/img\/b\/R29vZ2xl\/AVvXsEguJjpQ9DUIQfWTTKkiz3H5I9N2XJ1BDQrz-GtaVcvW9tNJ2F2HGKPdCqKwmeSyvDdvBHxar9Yf4Y4-vJIn37rQkjweGf9bWbu0abFumJXTrHOnHc2JOII2Xs42Si83Ds-ScUj885Fz7NRdI5R26_t4RQrR2fMkYtjqSmELhPCSlYUmPssAfzRiq1kUmr0H\/w640-h618\/Capturarb.JPG\" alt=\"\"\/><\/figure>\n\n\n<div class=\"separator\">Nesses dias de anivers\u00e1rio do Toque Musical, quem faz a trilha aqui s\u00e3o as mulheres e n\u00e3o s\u00f3 cantoras, compositoras e int\u00e9rpretes, tamb\u00e9m as instrumentistas. E nesta, vamos hoje trazendo a maravilhosa Rosinha de Valen\u00e7a em um disco que soa at\u00e9 um pouco diferente entre outros que ela gravou. &#8220;Ipanema Beat&#8221; tem suas singularidades&#8230; Ao contr\u00e1rio dos demais, aqui ela deixou de lado o viol\u00e3o ac\u00fastico e abra\u00e7ou a &#8220;Belinha&#8221;, sua guitarra el\u00e9trica Gibson. Se reuniu com outros m\u00fasicos internacionais formando o grupo Ipanema Beat e gravou em Johnnesburg, na Africa do Sul. O disco foi lan\u00e7ado no Brasil em 1970 e traz um repert\u00f3rio, por certo, tamb\u00e9m internacional com uma pegada bem jazzistica, uma sonoridade bem sessentista onde se destaca os teclados do m\u00fasico\u00a0 Ducan Mackay, a la Brian Auger. Instrumental gostoso de se ouvir da primeira a \u00faltima faixa. B\u00e3o demais, eu garanto! \ud83d\ude42<\/div>\n<div class=\"separator\">\u00a0<\/div>\n<div class=\"separator\">sitting<\/div>\n<div class=\"separator\">isole natale<\/div>\n<div class=\"separator\">je t&#8217;aime moi non plus<\/div>\n<div class=\"separator\">mercy mercy<\/div>\n<div class=\"separator\">rosinha&#8217;s mood<\/div>\n<div class=\"separator\">a whiter shade of pale<\/div>\n<div class=\"separator\">sunshine superman<\/div>\n<div class=\"separator\">t bone steak<\/div>\n<div class=\"separator\">forever yet forever<\/div>\n<div class=\"separator\">\u00a0<\/div>\n<div class=\"separator\">\u00a0<\/div>\n<div class=\"separator\">.\u00a0<\/div>","protected":false},"excerpt":{"rendered":"<p>Nesses dias de anivers\u00e1rio do Toque Musical, quem faz a trilha aqui s\u00e3o as mulheres e n\u00e3o s\u00f3 cantoras, compositoras e int\u00e9rpretes, tamb\u00e9m as instrumentistas. E nesta, vamos hoje trazendo a maravilhosa Rosinha de Valen\u00e7a em um disco que soa &hellip; <a href=\"https:\/\/www.toque-musicall.com\/?p=10566\">Continue lendo <span class=\"meta-nav\">&rarr;<\/span><\/a><\/p>\n","protected":false},"author":1,"featured_media":0,"comment_status":"closed","ping_status":"closed","sticky":false,"template":"","format":"standard","meta":{"footnotes":""},"categories":[1],"tags":[3490,3040,3061],"class_list":["post-10566","post","type-post","status-publish","format-standard","hentry","category-sem-categoria","tag-rosinha-de-valenca","tag-selo-rca","tag-selo-rca-victor"],"_links":{"self":[{"href":"https:\/\/www.toque-musicall.com\/index.php?rest_route=\/wp\/v2\/posts\/10566","targetHints":{"allow":["GET"]}}],"collection":[{"href":"https:\/\/www.toque-musicall.com\/index.php?rest_route=\/wp\/v2\/posts"}],"about":[{"href":"https:\/\/www.toque-musicall.com\/index.php?rest_route=\/wp\/v2\/types\/post"}],"author":[{"embeddable":true,"href":"https:\/\/www.toque-musicall.com\/index.php?rest_route=\/wp\/v2\/users\/1"}],"replies":[{"embeddable":true,"href":"https:\/\/www.toque-musicall.com\/index.php?rest_route=%2Fwp%2Fv2%2Fcomments&post=10566"}],"version-history":[{"count":1,"href":"https:\/\/www.toque-musicall.com\/index.php?rest_route=\/wp\/v2\/posts\/10566\/revisions"}],"predecessor-version":[{"id":10567,"href":"https:\/\/www.toque-musicall.com\/index.php?rest_route=\/wp\/v2\/posts\/10566\/revisions\/10567"}],"wp:attachment":[{"href":"https:\/\/www.toque-musicall.com\/index.php?rest_route=%2Fwp%2Fv2%2Fmedia&parent=10566"}],"wp:term":[{"taxonomy":"category","embeddable":true,"href":"https:\/\/www.toque-musicall.com\/index.php?rest_route=%2Fwp%2Fv2%2Fcategories&post=10566"},{"taxonomy":"post_tag","embeddable":true,"href":"https:\/\/www.toque-musicall.com\/index.php?rest_route=%2Fwp%2Fv2%2Ftags&post=10566"}],"curies":[{"name":"wp","href":"https:\/\/api.w.org\/{rel}","templated":true}]}}