{"id":10568,"date":"2024-07-29T18:27:56","date_gmt":"2024-07-29T21:27:56","guid":{"rendered":"https:\/\/www.toque-musicall.com\/?p=10568"},"modified":"2024-07-30T18:31:10","modified_gmt":"2024-07-30T21:31:10","slug":"neyde-e-nancy-distracao-musical-1958","status":"publish","type":"post","link":"https:\/\/www.toque-musicall.com\/?p=10568","title":{"rendered":"Neyde E Nancy &#8211; Distra\u00e7\u00e3o Musical (1958)"},"content":{"rendered":"\n<figure class=\"wp-block-image size-large\"><img decoding=\"async\" src=\"https:\/\/blogger.googleusercontent.com\/img\/b\/R29vZ2xl\/AVvXsEiYi7k2K4Ba9y_aof1Bp0LSRUrEyCAr8c6aVknaYvmCyJ-6Puk1NmsauKwaA2XQcKNJjX94rKszw-vnTKscWQzMo33Aj-q-e35gkAuhbCiV8-V0IfmbJend4J7DIBJOi3UxIHmRmD591dBuHFmHjk5Lf_yKbZjwEHUffCFMa6LX9zqVlhZpIiyDAFPeeoF6\/w640-h638\/Capturarf.JPG\" alt=\"\"\/><\/figure>\n\n\n\n<figure class=\"wp-block-image size-large\"><img decoding=\"async\" src=\"https:\/\/blogger.googleusercontent.com\/img\/b\/R29vZ2xl\/AVvXsEj4KNF_fWWzz3aIgjTtx-oh0Ldq9XqJD3bKfuU3b6Y5O86VSZB4_ScpKsU5IKfFZPBssq2KAjjJcFUNzqV2N7cUshI5wrYCnROXksdGSIQD9oIBw6ySOfcmi_NKuH827YFn3DRO1HBvsi4Xh90SQSv7vkt5yFEWwXWrLAd9xhSks067gD30ltYIwD2puYRT\/w640-h630\/Capturar.JPG\" alt=\"\"\/><\/figure>\n\n\n<div class=\"separator\">Nesses tempos de retorno da cultura do disco de vinil, o que n\u00e3o falta \u00e9 malandro especulando encima do que eles entendem por &#8216;raridades&#8217;, principalmente e por conta do Discogs e mais ainda do Mercado Livre. Camarada tem um disco antigo e acha que est\u00e1 com um tesouro nas m\u00e3os. Longe eu de n\u00e3o acreditar em tesouros musicais&#8230; Sem d\u00favida para um colecionador, um amante do vinil e de m\u00faisca h\u00e1 discos que s\u00e3o mesmo um tesouro, mas isso n\u00e3o quer dizer que sua raridade se limita pelo fato de ser um \u00fanico oferecido no mercado. Por exemplo, nunca entendi o porqu\u00ea aquele disco horroroso, &#8220;Louco por voc\u00ea&#8221;, do Roberto Carlos tenha tantos idiotas pagando 5 ou at\u00e9 10 mil reais num exemplar. Nada justifica, ou se justifica \u00e9 apenas para um colecionador espec\u00edfico e mesmo assim tem que ser um louco para desembolsar essa nota preta. Mas acho que essa especula\u00e7\u00e3o toda se d\u00e1, n\u00e3o pelo disco em si, mas porque h\u00e1 nele uma possibilidade real de venda, uma esp\u00e9cie de &#8216;moeda de troca&#8217;. \u00c9 algo parecido com uma obra de arte, onde o que est\u00e1 em jogo, na verdade n\u00e3o \u00e9 exatamente a obra, mas sim a vaidade, o poder de compra e porque n\u00e3o dizer, o &#8216;eu tenho&#8217;. No caso dos discos, eu vejo que a coisa acontece assim, o camarada tem um disco antigo, entra no Mercado Livre, v\u00ea que n\u00e3o h\u00e1 outro igual \u00e0 venda, vai ent\u00e3o e coloca um pre\u00e7o bem alto. Logo em seguida, aparece outro vendedor e baseia seu pre\u00e7o em paridade com o primeiro. Assim nasce a cota\u00e7\u00e3o dos vendedores de discos, que em sua maioria n\u00e3o entendem nada do que \u00e9 realmente uma raridade, muito menos de m\u00fasica. Da\u00ed \u00e9 que surgem os pre\u00e7os abusivos, a lei dos especuladores. Quando vejo coisas como essas, me d\u00e1 vontade de perguntar o porqu\u00ea desse pre\u00e7o exorbitante. Mas depois entendo que para os expertos existem os idiotas. Ou, como dizem por a\u00ed, o que n\u00e3o falta nesse mundo \u00e9 trouxa. Estou dizendo isso, muito por conta deste disco, que embora seja uma maravilha e at\u00e9 raro de se ver e ouvir, n\u00e3o vale o que est\u00e3o cobrando por a\u00ed. Ou, mais ainda, o que um &#8216;experto&#8217; pensa em conseguir por ele. Estou falando tudo isso porque acho lament\u00e1vel o que se transformou o mercado do vinil hoje em dia. Nao posso negar tamb\u00e9m que indiretamente, o Toque Musical contribuiu para que coisas como essa acontecessem. Pois, muita coisa que &#8216;desenterramos&#8217; e publicamos por aqui, o fizemos tratando como tesouros, raridades e sei que muita gente por a\u00ed se baseia em nossa opini\u00e3o, ou toma como m\u00e9trica. J\u00e1 vimos isso acontecer com diversos discos e artistas aqui apresentados. Por\u00e9m, se por um lado isso foi ruim, por outro foi bom, porque na \u00e2nsia de fazer um troco e dentro dessas cota\u00e7\u00f5es absurdas v\u00e3o aparecendo mais exemplares e dependendo do disco a coisa cai de mil para cem, ou at\u00e9 menos. Sem falar no fato de que alguns desses discos acabam sendo relan\u00e7ados, aplacando um pouco a hegemonia daqueles que se achavam os donos da bola. Contudo, ainda h\u00e1 a m\u00e1xima daqueles vaidosos, &#8220;mas o meu \u00e9 original de \u00e9poca&#8221;&#8230; Bela merda! Como se os relan\u00e7amentos n\u00e3o tivessem as qualidades do original. As vezes n\u00e3o tem mesmo, mas a quest\u00e3o aqui \u00e9 somente uma, ou duas&#8230; soberba e vaidade. Esta minha cr\u00edtica n\u00e3o \u00e9 diretamente a este disco. Caberia a muitos outros publicados no TM. E se n\u00e3o o fiz em outro momento, foi mesmo por falta de tempo para sentar e escrever. Acho que fiquei um pouco indignado quando fui consultar &#8220;Neyde e Nancy &#8211; Distra\u00e7\u00e3o Musical&#8221;, no Mercado Livre. Ent\u00e3o, \u00e9 com prazer que compartilho com aqueles que n\u00e3o poderiam ter o disco, sua vers\u00e3o digital. Assim, pelo menos, quem quiser pode conhecer e n\u00e3o apenas olhar na vitrine do inacessivel.\u00a0<\/div>\n<div class=\"separator\">Eis que temos Neyde e Nancy, uma dupla de cantoras que nasceu aqui em Minas Gerais, cantando nas r\u00e1dios da capital. Se destacaram representado a m\u00fasica regional mineira num concurso musical de cunho folcl\u00f3rico, na Argentina. Da\u00ed, seguiriam uma carreira profissional ainda maior quando passaram a se apresentar na gigante R\u00e1dio Nacional, no Rio de Janeiro. Toda essa hist\u00f3ria \u00e9 contada na contracapa deste lp e que voc\u00eas poder\u00e3o certamente ler com mais facilidade no arquivo que compartilhamos em nosso GTM (Grupo do Toque Musical) e tamb\u00e9m ouvir suas m\u00fasicas, claro! O disco \u00e9 mesmo muito interessante e n\u00e3o demora para que os mais expertos (que n\u00e3o sou eu) o publique no Youtube.\u00a0<\/div>\n<div class=\"separator\">A prop\u00f3sito, para quem tem interesse neste lp, vai encontrar por um pre\u00e7o honesto na Acervos Discos, da Savassi, aqui em &#8216;Belzonte&#8217;. \ud83d\ude01<\/div>\n<div class=\"separator\">Para mim, para n\u00f3s, \u00e9 com disse Paulo Cesar Pinheiro naquela can\u00e7\u00e3o, &#8220;o importante \u00e9 que nossa emo\u00e7\u00e3o sobreviva&#8221;. O importante \u00e9 compartilhar as emo\u00e7\u00f5es. A vida \u00e9 curta, ent\u00e3o curta&#8230; \u270c<\/div>\n<div class=\"separator\">\u00a0<\/div>\n<div class=\"separator\">areia branca<\/div>\n<div class=\"separator\">mam\u00e3e quero dan\u00e7ar<\/div>\n<div class=\"separator\">na porteira<\/div>\n<div class=\"separator\">carreta campesina<\/div>\n<div class=\"separator\">dulce dulce dulce<\/div>\n<div class=\"separator\">mente<\/div>\n<div class=\"separator\">terra querida<\/div>\n<div class=\"separator\">bil\u00fa bil\u00fa<\/div>\n<div class=\"separator\">miguelito<\/div>\n<div class=\"separator\">eh cavalinho<\/div>\n<div class=\"separator\">\u00a0<\/div>\n<div class=\"separator\">\u00a0<\/div>\n<div class=\"separator\">.<\/div>\n<p>&nbsp;<\/p>","protected":false},"excerpt":{"rendered":"<p>Nesses tempos de retorno da cultura do disco de vinil, o que n\u00e3o falta \u00e9 malandro especulando encima do que eles entendem por &#8216;raridades&#8217;, principalmente e por conta do Discogs e mais ainda do Mercado Livre. Camarada tem um disco &hellip; <a href=\"https:\/\/www.toque-musicall.com\/?p=10568\">Continue lendo <span class=\"meta-nav\">&rarr;<\/span><\/a><\/p>\n","protected":false},"author":1,"featured_media":0,"comment_status":"closed","ping_status":"closed","sticky":false,"template":"","format":"standard","meta":{"footnotes":""},"categories":[1],"tags":[5722,3238],"class_list":["post-10568","post","type-post","status-publish","format-standard","hentry","category-sem-categoria","tag-neyde-e-nancy","tag-selo-columbia"],"_links":{"self":[{"href":"https:\/\/www.toque-musicall.com\/index.php?rest_route=\/wp\/v2\/posts\/10568","targetHints":{"allow":["GET"]}}],"collection":[{"href":"https:\/\/www.toque-musicall.com\/index.php?rest_route=\/wp\/v2\/posts"}],"about":[{"href":"https:\/\/www.toque-musicall.com\/index.php?rest_route=\/wp\/v2\/types\/post"}],"author":[{"embeddable":true,"href":"https:\/\/www.toque-musicall.com\/index.php?rest_route=\/wp\/v2\/users\/1"}],"replies":[{"embeddable":true,"href":"https:\/\/www.toque-musicall.com\/index.php?rest_route=%2Fwp%2Fv2%2Fcomments&post=10568"}],"version-history":[{"count":1,"href":"https:\/\/www.toque-musicall.com\/index.php?rest_route=\/wp\/v2\/posts\/10568\/revisions"}],"predecessor-version":[{"id":10569,"href":"https:\/\/www.toque-musicall.com\/index.php?rest_route=\/wp\/v2\/posts\/10568\/revisions\/10569"}],"wp:attachment":[{"href":"https:\/\/www.toque-musicall.com\/index.php?rest_route=%2Fwp%2Fv2%2Fmedia&parent=10568"}],"wp:term":[{"taxonomy":"category","embeddable":true,"href":"https:\/\/www.toque-musicall.com\/index.php?rest_route=%2Fwp%2Fv2%2Fcategories&post=10568"},{"taxonomy":"post_tag","embeddable":true,"href":"https:\/\/www.toque-musicall.com\/index.php?rest_route=%2Fwp%2Fv2%2Ftags&post=10568"}],"curies":[{"name":"wp","href":"https:\/\/api.w.org\/{rel}","templated":true}]}}