{"id":1057,"date":"2009-10-12T10:37:00","date_gmt":"2009-10-12T10:37:00","guid":{"rendered":"http:\/\/www.toque-musicall.com\/?p=1057"},"modified":"2009-10-12T10:37:00","modified_gmt":"2009-10-12T10:37:00","slug":"chico-buarque-compactos-1967-68","status":"publish","type":"post","link":"https:\/\/www.toque-musicall.com\/?p=1057","title":{"rendered":"Chico Buarque &#8211; Compactos (1967-68)"},"content":{"rendered":"<p><a href=\"http:\/\/2.bp.blogspot.com\/_DSKVEvHtskc\/StMIKB_wGCI\/AAAAAAAAFeQ\/iR8lWp4Lhuk\/s1600-h\/capa+chico+P.JPG\"><img decoding=\"async\" alt=\"\" border=\"0\" id=\"BLOGGER_PHOTO_ID_5391662147320158242\" src=\"http:\/\/2.bp.blogspot.com\/_DSKVEvHtskc\/StMIKB_wGCI\/AAAAAAAAFeQ\/iR8lWp4Lhuk\/s400\/capa+chico+P.JPG\" style=\"cursor: hand; cursor: pointer; display: block; height: 400px; margin: 0px auto 10px; text-align: center; width: 397px;\" \/><\/a>Bom dia das crian\u00e7as, amigos cultos e ocultos! J\u00e1 faz um tempinho que eu n\u00e3o promovo aqui uma semana tem\u00e1tica. Resolvi ent\u00e3o iniciar esta, n\u00e3o exatamente com um tema, mas dedicada \u00e0 um tipo de disco muito comum nos anos 60 e 70, os compactos, aqueles disquinhos de 7 polegadas que traziam geralmente uma m\u00fasica de cada lado. Os compactos, ou &#8216;single play&#8217; foram lan\u00e7ados no final dos anos 50 e era discos de 17 cm de di\u00e2metro que tocavam em 45 rpm. No Brasil eles surgiram em 33 rpm e sua capacidade era a de at\u00e9 5 minutos de cada lado. Esses disquinhos eram geralmente utilizados para difundirem as m\u00fasicas de trabalho de um \u00e1lbum. Era uma esp\u00e9cie de pr\u00e9 lan\u00e7amento, um &#8216;test drive&#8217; para sentir a aceita\u00e7\u00e3o do p\u00fablico. Em alguns casos eram como amostra gr\u00e1tis, mas no Brasil se tornaram tamb\u00e9m uma alternativa econ\u00f4mica para aqueles que se aventuravam no mundo fonogr\u00e1fico, artista em seu primeiro disco e coisas assim. A popularidade dos compactos no Brasil durou at\u00e9 o in\u00edcio dos anos 80, quando ent\u00e3o vieram os chamados &#8216;maxi single&#8217;, discos de 12 polegadas, mudando todo o conceito e matando de vez os compactos. Mas quem, na faixa dos 40, nunca teve nas m\u00e3os (ou na vitrola) um compacto? Quem n\u00e3o se lembra pelo menos daqueles disquinhos coloridos de est\u00f3rias infantis? Hoje, Dia da Crian\u00e7as, bem que eu poderia ter iniciado com um daqueles, mas prefiro deixar os discos infantis para quem j\u00e1 \u00e9 especialista, o <a href=\"http:\/\/www.cantosencantos.com\/\">Cantos &#038; Encantos<\/a>. Vou come\u00e7ar nossa mostra de compactos abrindo com chave de ouro e tamb\u00e9m em homenagem ao retorno do meu amigo Chris Rousseau, rec\u00e9m chegado do &#8216;Velho Continente&#8217;. Para ele e tamb\u00e9m para todos voc\u00eas, estou postando dois compactos do Chico Buarque de Holanda, um de 67 e o outro de 68. Acho que n\u00e3o carece falar sobre o artista e suas m\u00fasicas. Chico \u00e9 figura not\u00f3ria e suas m\u00fasicas tamb\u00e9m. Apenas complemento dizendo (ou escrevendo?) que os dois discos que temos aqui s\u00e3o mais que simples amostras de pr\u00e9 lan\u00e7amentos. Temos o compacto simples de 1967 com a presen\u00e7a do MPB 4 em &#8220;Roda Viva&#8221;. No de 68 o compacto \u00e9 duplo, quer dizer, com duas m\u00fasicas de cada lado, sendo a faixa &#8220;Sem Fantasia&#8221; com a participa\u00e7\u00e3o da irm\u00e3, Cristina Buarque. Temos assim, seis m\u00fasicas, quase um lp.<\/p>\n<div>\n<div><span style=\"font-family: sans-serif; font-size: 100%;\"><span style=\"font-size: 13px; line-height: 19px;\"><b><span style=\"font-family: Georgia, serif; font-size: 130%;\"><span style=\"font-size: 16px; font-weight: normal; line-height: normal;\"><br \/><\/span><\/span><\/b><\/span><\/span><\/div>\n<div style=\"text-align: center;\">1967:<\/div>\n<div style=\"text-align: center;\">roda viva <\/div>\n<div style=\"text-align: center;\">at\u00e9 pensei<\/div>\n<div style=\"text-align: center;\"><\/div>\n<div style=\"text-align: center;\">1968:<\/div>\n<div style=\"text-align: center;\">bom tempo<\/div>\n<div style=\"text-align: center;\">pedro pedreiro<\/div>\n<div style=\"text-align: center;\">sem fantasia<\/div>\n<div style=\"text-align: center;\">sonho de um carnaval<\/div>\n<div style=\"text-align: center;\"><\/div>\n<div style=\"text-align: center;\"><\/div>\n<\/div>\n","protected":false},"excerpt":{"rendered":"<p>Bom dia das crian\u00e7as, amigos cultos e ocultos! J\u00e1 faz um tempinho que eu n\u00e3o promovo aqui uma semana tem\u00e1tica. Resolvi ent\u00e3o iniciar esta, n\u00e3o exatamente com um tema, mas dedicada \u00e0 um tipo de disco muito comum nos anos &hellip; <a href=\"https:\/\/www.toque-musicall.com\/?p=1057\">Continue lendo <span class=\"meta-nav\">&rarr;<\/span><\/a><\/p>\n","protected":false},"author":1,"featured_media":0,"comment_status":"open","ping_status":"closed","sticky":false,"template":"","format":"standard","meta":{"footnotes":""},"categories":[408,51,153],"tags":[],"class_list":["post-1057","post","type-post","status-publish","format-standard","hentry","category-chico-buarque","category-mpb-4","category-selo-rge"],"_links":{"self":[{"href":"https:\/\/www.toque-musicall.com\/index.php?rest_route=\/wp\/v2\/posts\/1057","targetHints":{"allow":["GET"]}}],"collection":[{"href":"https:\/\/www.toque-musicall.com\/index.php?rest_route=\/wp\/v2\/posts"}],"about":[{"href":"https:\/\/www.toque-musicall.com\/index.php?rest_route=\/wp\/v2\/types\/post"}],"author":[{"embeddable":true,"href":"https:\/\/www.toque-musicall.com\/index.php?rest_route=\/wp\/v2\/users\/1"}],"replies":[{"embeddable":true,"href":"https:\/\/www.toque-musicall.com\/index.php?rest_route=%2Fwp%2Fv2%2Fcomments&post=1057"}],"version-history":[{"count":0,"href":"https:\/\/www.toque-musicall.com\/index.php?rest_route=\/wp\/v2\/posts\/1057\/revisions"}],"wp:attachment":[{"href":"https:\/\/www.toque-musicall.com\/index.php?rest_route=%2Fwp%2Fv2%2Fmedia&parent=1057"}],"wp:term":[{"taxonomy":"category","embeddable":true,"href":"https:\/\/www.toque-musicall.com\/index.php?rest_route=%2Fwp%2Fv2%2Fcategories&post=1057"},{"taxonomy":"post_tag","embeddable":true,"href":"https:\/\/www.toque-musicall.com\/index.php?rest_route=%2Fwp%2Fv2%2Ftags&post=1057"}],"curies":[{"name":"wp","href":"https:\/\/api.w.org\/{rel}","templated":true}]}}