{"id":10570,"date":"2024-07-30T18:33:35","date_gmt":"2024-07-30T21:33:35","guid":{"rendered":"https:\/\/www.toque-musicall.com\/?p=10570"},"modified":"2024-07-30T18:33:35","modified_gmt":"2024-07-30T21:33:35","slug":"toque-musical-17-anos-trazendo-musica-para-se-ouvir-com-outros-olhos","status":"publish","type":"post","link":"https:\/\/www.toque-musicall.com\/?p=10570","title":{"rendered":"Toque Musical &#8211; 17 Anos Trazendo M\u00fasica Para Se Ouvir Com Outros Olhos"},"content":{"rendered":"\n<figure class=\"wp-block-image size-large\"><img decoding=\"async\" src=\"https:\/\/blogger.googleusercontent.com\/img\/b\/R29vZ2xl\/AVvXsEjdZiDudNVWPYErnJANrvu7y-AD3khJa4haubY-EtjHcUAmoBHlJJBIJwnEU6q5WPuXOjXgzgOanOf63AwSbVhSy6uc3tB93chiIfH2JpOlz5gkABI0-rtLRLYO51bZoy7CTiZqGOiN-M_9_opAcoALAcdwCawCqLJSyzceRbzxUhgNFPbITsVScNwjI214\/w640-h638\/TOQUE-%20m%C3%A3o%2017%20anos.jpg\" alt=\"\"\/><\/figure>\n\n\n<div class=\"separator\">Pois \u00e9, chegamos enfim aos 17 anos de peleja fonomusical. Hoje, dia 30 de julho fechamos mais um ciclo. Quando olho para tr\u00e1s, vejo quanta coisa bacana a gente j\u00e1 viveu. E tudo come\u00e7ou meio que de brincadeira, sem a menor pretens\u00e3o. As vezes penso em refazer muitas dessas postagens, pois sei que al\u00e9m de muitos erros, ortogr\u00e1ficos, hist\u00f3ricos e de postura, acabamos n\u00e3o acompanhando as mudan\u00e7as e migrando para outras plataformas e uma outra concep\u00e7\u00e3o. Sei que perdemos muito do nosso encanto, mas ainda assim temos uma fiel torcida e isso ajuda a manter a moral. Mesmo contando com a ajuda dos amigos cultos e ocultos, n\u00e3o \u00e9 f\u00e1cil ter uma dedica\u00e7\u00e3o di\u00e1ria e as vezes a gente n\u00e3o est\u00e1 muito com tempo ou com aquela inspira\u00e7\u00e3o para escrever. Fico imaginando o que pesam alguns pesquisadores musicais, gente dos livros e artigos, os verdadeiros cr\u00edticos do assunto. Sei de alguns que adoram e tantos outros que envitam associar seus nomes a esse arremedo de um pasquim musical. Mas vejo que nosso maior m\u00e9rito \u00e9 a persistencia. N\u00e3o \u00e9 para qualquer um manter atividade como essa por tanto tempo. Neste sentido, creio que ainda vale a pena continuar. Vamos seguindo, at\u00e9 porque n\u00e3o dependemos de nada al\u00e9m da nossa pr\u00f3pria vontade. E salve o Toque Musical! \ud83d\udc4f\ud83d\udc4f\ud83d\udc4f<\/div>\n<p>&nbsp;<\/p>","protected":false},"excerpt":{"rendered":"<p>Pois \u00e9, chegamos enfim aos 17 anos de peleja fonomusical. Hoje, dia 30 de julho fechamos mais um ciclo. Quando olho para tr\u00e1s, vejo quanta coisa bacana a gente j\u00e1 viveu. E tudo come\u00e7ou meio que de brincadeira, sem a &hellip; <a href=\"https:\/\/www.toque-musicall.com\/?p=10570\">Continue lendo <span class=\"meta-nav\">&rarr;<\/span><\/a><\/p>\n","protected":false},"author":1,"featured_media":0,"comment_status":"closed","ping_status":"closed","sticky":false,"template":"","format":"standard","meta":{"footnotes":""},"categories":[1],"tags":[5720],"class_list":["post-10570","post","type-post","status-publish","format-standard","hentry","category-sem-categoria","tag-toque-musical-17-anos"],"_links":{"self":[{"href":"https:\/\/www.toque-musicall.com\/index.php?rest_route=\/wp\/v2\/posts\/10570","targetHints":{"allow":["GET"]}}],"collection":[{"href":"https:\/\/www.toque-musicall.com\/index.php?rest_route=\/wp\/v2\/posts"}],"about":[{"href":"https:\/\/www.toque-musicall.com\/index.php?rest_route=\/wp\/v2\/types\/post"}],"author":[{"embeddable":true,"href":"https:\/\/www.toque-musicall.com\/index.php?rest_route=\/wp\/v2\/users\/1"}],"replies":[{"embeddable":true,"href":"https:\/\/www.toque-musicall.com\/index.php?rest_route=%2Fwp%2Fv2%2Fcomments&post=10570"}],"version-history":[{"count":1,"href":"https:\/\/www.toque-musicall.com\/index.php?rest_route=\/wp\/v2\/posts\/10570\/revisions"}],"predecessor-version":[{"id":10571,"href":"https:\/\/www.toque-musicall.com\/index.php?rest_route=\/wp\/v2\/posts\/10570\/revisions\/10571"}],"wp:attachment":[{"href":"https:\/\/www.toque-musicall.com\/index.php?rest_route=%2Fwp%2Fv2%2Fmedia&parent=10570"}],"wp:term":[{"taxonomy":"category","embeddable":true,"href":"https:\/\/www.toque-musicall.com\/index.php?rest_route=%2Fwp%2Fv2%2Fcategories&post=10570"},{"taxonomy":"post_tag","embeddable":true,"href":"https:\/\/www.toque-musicall.com\/index.php?rest_route=%2Fwp%2Fv2%2Ftags&post=10570"}],"curies":[{"name":"wp","href":"https:\/\/api.w.org\/{rel}","templated":true}]}}