{"id":10582,"date":"2024-07-31T20:59:02","date_gmt":"2024-07-31T23:59:02","guid":{"rendered":"https:\/\/www.toque-musicall.com\/?p=10582"},"modified":"2024-07-31T21:09:31","modified_gmt":"2024-08-01T00:09:31","slug":"mara-silva-sucessos-no-teleco-teco-1962","status":"publish","type":"post","link":"https:\/\/www.toque-musicall.com\/?p=10582","title":{"rendered":"Mara Silva &#8211; Sucessos Em Teleco-Teco (1962)"},"content":{"rendered":"\n<figure class=\"wp-block-image size-large\"><img decoding=\"async\" src=\"https:\/\/blogger.googleusercontent.com\/img\/b\/R29vZ2xl\/AVvXsEiNGErcuB-svS-FtIzrJkxTUXhQHlGyDnSkd_KoxpRsrFOe0_PeCX_QtIUxXEvCWC9zDdlFe9GoXFrSO3-y7-LpFfUO2FMp9X6b2BfNQbdB4Id7GkCUyEb2C8QyVGSlA_UvUbdeokYWcP8XevW9AK1KUcLtzDN2mvyWb7JJdJCo13RrEb7Xr9WClV13lzyn\/w636-h640\/Capturar.JPG\" alt=\"\"\/><\/figure>\n\n\n\n<figure class=\"wp-block-image size-large\"><img decoding=\"async\" src=\"https:\/\/blogger.googleusercontent.com\/img\/b\/R29vZ2xl\/AVvXsEjOP0yXWlT7ntX3mr8f85_-wZRYKZz4HkIusw4dfV8lwgE6jKgzp4jD_CbyHlH8_rR9uQ9uWdop4XGA04pSS2Dfaqgv42j-67RspNIVzXY5TCznhYkdZ0-obL-fCRHHdZks8exGcXIijhS8kygckEv-Ts7lQns3tc3_pg3naSN7HfXkwqPGr9xW9bCVbuLS\/w638-h640\/Capturarb.JPG\" alt=\"\"\/><\/figure>\n\n\n<div class=\"separator\">Encerrando este m\u00eas especial, de anivers\u00e1rio e coisa tal, cravamos no \u00faltimo dia um disco de samba de teleco-teco, ou seja, um tipo de samba muito espec\u00edfico, que, segundo os amigos mais cultos dir\u00e3o que se trata de um samba requebrado, de repique com pausas e breques, samba para dan\u00e7ar no sal\u00e3o, base ideal para o que viria a ser a bossa nova.\u00a0<\/div>\n<div class=\"separator\">Lan\u00e7ado no in\u00edcio dos anos 60, pelo selo Copacabana, com dire\u00e7\u00e3o musical de Moacir Silva e arranjos e orquestra\u00e7\u00e3o do maestro Pachequinho. &#8220;Sucessos no Teleco-Teco&#8221; \u00e9 uma sele\u00e7\u00e3o de m\u00fasicas consagradas da \u00e9poca, nem todas originalmente sambas, mas que segue nessa &#8216;vibe&#8217;, do teleco-teco<\/div>\n<div class=\"separator\">Nossa int\u00e9rprete, a cantora Mara Silva, atuou por muitos anos nas boates da noite carioca, gravou seus primeiros discos a partir dos anos 50 e tamb\u00e9m participou de colet\u00e2neas. At\u00e9 onde sabemos, este foi o seu \u00fanico lp de 12 polegadas.<\/div>\n<div class=\"separator\">\u00a0<\/div>\n<div class=\"separator\">tudo cabe num beijo<\/div>\n<div class=\"separator\">frio em minha alma<\/div>\n<div class=\"separator\">algu\u00e9m me disse<\/div>\n<div class=\"separator\">desesperadamente<\/div>\n<div class=\"separator\">rosa de maio<\/div>\n<div class=\"separator\">pecado<\/div>\n<div class=\"separator\">vereda tropical<\/div>\n<div class=\"separator\">quando o tempo passar<\/div>\n<div class=\"separator\">hist\u00f3ria de um amor<\/div>\n<div class=\"separator\">n\u00e3o digo o nome<\/div>\n<div class=\"separator\">t\u00e3o somente uma vez<\/div>\n<div class=\"separator\">tarde fria<\/div>\n<div class=\"separator\">\u00a0<\/div>\n<div class=\"separator\">\u00a0<\/div>","protected":false},"excerpt":{"rendered":"<p>Encerrando este m\u00eas especial, de anivers\u00e1rio e coisa tal, cravamos no \u00faltimo dia um disco de samba de teleco-teco, ou seja, um tipo de samba muito espec\u00edfico, que, segundo os amigos mais cultos dir\u00e3o que se trata de um samba &hellip; <a href=\"https:\/\/www.toque-musicall.com\/?p=10582\">Continue lendo <span class=\"meta-nav\">&rarr;<\/span><\/a><\/p>\n","protected":false},"author":1,"featured_media":0,"comment_status":"closed","ping_status":"closed","sticky":false,"template":"","format":"standard","meta":{"footnotes":""},"categories":[1],"tags":[5198,3108],"class_list":["post-10582","post","type-post","status-publish","format-standard","hentry","category-sem-categoria","tag-mara-silva","tag-selo-copacabana"],"_links":{"self":[{"href":"https:\/\/www.toque-musicall.com\/index.php?rest_route=\/wp\/v2\/posts\/10582","targetHints":{"allow":["GET"]}}],"collection":[{"href":"https:\/\/www.toque-musicall.com\/index.php?rest_route=\/wp\/v2\/posts"}],"about":[{"href":"https:\/\/www.toque-musicall.com\/index.php?rest_route=\/wp\/v2\/types\/post"}],"author":[{"embeddable":true,"href":"https:\/\/www.toque-musicall.com\/index.php?rest_route=\/wp\/v2\/users\/1"}],"replies":[{"embeddable":true,"href":"https:\/\/www.toque-musicall.com\/index.php?rest_route=%2Fwp%2Fv2%2Fcomments&post=10582"}],"version-history":[{"count":2,"href":"https:\/\/www.toque-musicall.com\/index.php?rest_route=\/wp\/v2\/posts\/10582\/revisions"}],"predecessor-version":[{"id":10585,"href":"https:\/\/www.toque-musicall.com\/index.php?rest_route=\/wp\/v2\/posts\/10582\/revisions\/10585"}],"wp:attachment":[{"href":"https:\/\/www.toque-musicall.com\/index.php?rest_route=%2Fwp%2Fv2%2Fmedia&parent=10582"}],"wp:term":[{"taxonomy":"category","embeddable":true,"href":"https:\/\/www.toque-musicall.com\/index.php?rest_route=%2Fwp%2Fv2%2Fcategories&post=10582"},{"taxonomy":"post_tag","embeddable":true,"href":"https:\/\/www.toque-musicall.com\/index.php?rest_route=%2Fwp%2Fv2%2Ftags&post=10582"}],"curies":[{"name":"wp","href":"https:\/\/api.w.org\/{rel}","templated":true}]}}