{"id":10586,"date":"2024-08-01T16:56:05","date_gmt":"2024-08-01T19:56:05","guid":{"rendered":"https:\/\/www.toque-musicall.com\/?p=10586"},"modified":"2024-08-03T16:59:39","modified_gmt":"2024-08-03T19:59:39","slug":"orquestra-afro-brasileira-obaluaye-1957","status":"publish","type":"post","link":"https:\/\/www.toque-musicall.com\/?p=10586","title":{"rendered":"Orquestra Afro-Brasileira \u2013 Obaluay\u00ea! (1957)"},"content":{"rendered":"\n<figure class=\"wp-block-image size-large\"><img decoding=\"async\" src=\"https:\/\/blogger.googleusercontent.com\/img\/b\/R29vZ2xl\/AVvXsEh574WMvfkbEV9zWrYPZ5-QBjxdZ2wwCgOx3b1cbDkEdGp_jyFJ2i7IiEfDZ907Up6Xh0pCuqJrCQB6vLGZ6CHxhZBQvoLBK9qHIotF1rPBxUWF_-DpD06gcdbj-9BB92kD5iEWro-ZjJ2VrXwfw4sBLAlOUNfsZHwnSzu7g6f5QLPqlW25cGCijKqJmOeW\/s802\/Capturar.JPG\" alt=\"\"\/><\/figure>\n\n\n\n<figure class=\"wp-block-image size-large\"><img decoding=\"async\" src=\"https:\/\/blogger.googleusercontent.com\/img\/b\/R29vZ2xl\/AVvXsEhr72jgFzTAorc-5d7g-SShBFYQI1EdA5puneygoBUX3MbL61utYxD6qgjPprUz9v4aZWl4ma0p4NN9qu5sHn8hsbyhELEu5acXjGY0nzBFYB9Er-ldAkASkxCL7nXJKrrWQy1GLwyUcGxbln79vNht-17cOvEFYTvzZl1IelQOdzWGOTmD-HAKEi7pT24p\/w622-h640\/Capturarb.JPG\" alt=\"\"\/><\/figure>\n\n\n<div class=\"separator\">Aqui temos um disco de dez polegadas dos anos 50 que foge do comum, dos discos de sambas, boleros e orquestras dan\u00e7antes. &#8220;Obaluay\u00ea&#8221; \u00e9 um aut\u00eantico disco de cunho folcl\u00f3rio da cultura de origens africanas no Brasil. \u00c9 um disco que registra a a\u00e7\u00e3o da Orquestra Afro-Brasiliera, criada nos anos 40 pelo m\u00fasico e compositor autodidata Abigail Moura que buscava resgatar e valorizar a cultura negra e seus elementos ritualistas atrav\u00e9s de cantos e batuques, incorporando os intrumentos tradicionais africanos com agog\u00f4s, atabaques, urucungos e outros. A OAB foi uma orquestra que existiu no Rio de Janeiro e durou at\u00e9 1970, quando ent\u00e3o Abigail vio a falecer. Deixaram registrados dois discos, sendo este o primeiro, lan\u00e7ado em 1957 pelo selo Todamerica, talvez o mais aut\u00eantico. E em 68 teriam o segundo disco, um lp lan\u00e7ado pela CBS. Esses dois discos viram a ser relan\u00e7ados e curiosamente despertando, hoje, mais interesse que na \u00e9poca de seus lan\u00e7amentos originais.<\/div>\n<div class=\"separator\">\u00a0<\/div>\n<div class=\"separator\">apresenta\u00e7\u00e3o<\/div>\n<div class=\"separator\">chegou o rei nag\u00f4<\/div>\n<div class=\"separator\">calunga<\/div>\n<div class=\"separator\">amor de escravo<\/div>\n<div class=\"separator\">sauda\u00e7\u00e3o ao rei nag\u00f4<\/div>\n<div class=\"separator\">festa de congo<\/div>\n<div class=\"separator\">babala\u00f4<\/div>\n<div class=\"separator\">liberdade<\/div>\n<div class=\"separator\">obaluay\u00ea<\/div>\n<div class=\"separator\">\u00a0<\/div>\n<div class=\"separator\">\u00a0<\/div>\n<div class=\"separator\">.<\/div>","protected":false},"excerpt":{"rendered":"<p>Aqui temos um disco de dez polegadas dos anos 50 que foge do comum, dos discos de sambas, boleros e orquestras dan\u00e7antes. &#8220;Obaluay\u00ea&#8221; \u00e9 um aut\u00eantico disco de cunho folcl\u00f3rio da cultura de origens africanas no Brasil. \u00c9 um disco &hellip; <a href=\"https:\/\/www.toque-musicall.com\/?p=10586\">Continue lendo <span class=\"meta-nav\">&rarr;<\/span><\/a><\/p>\n","protected":false},"author":1,"featured_media":0,"comment_status":"closed","ping_status":"closed","sticky":false,"template":"","format":"standard","meta":{"footnotes":""},"categories":[1],"tags":[5723,5573],"class_list":["post-10586","post","type-post","status-publish","format-standard","hentry","category-sem-categoria","tag-orquestra-afro-brasileira","tag-selo-todamerica-3"],"_links":{"self":[{"href":"https:\/\/www.toque-musicall.com\/index.php?rest_route=\/wp\/v2\/posts\/10586","targetHints":{"allow":["GET"]}}],"collection":[{"href":"https:\/\/www.toque-musicall.com\/index.php?rest_route=\/wp\/v2\/posts"}],"about":[{"href":"https:\/\/www.toque-musicall.com\/index.php?rest_route=\/wp\/v2\/types\/post"}],"author":[{"embeddable":true,"href":"https:\/\/www.toque-musicall.com\/index.php?rest_route=\/wp\/v2\/users\/1"}],"replies":[{"embeddable":true,"href":"https:\/\/www.toque-musicall.com\/index.php?rest_route=%2Fwp%2Fv2%2Fcomments&post=10586"}],"version-history":[{"count":1,"href":"https:\/\/www.toque-musicall.com\/index.php?rest_route=\/wp\/v2\/posts\/10586\/revisions"}],"predecessor-version":[{"id":10587,"href":"https:\/\/www.toque-musicall.com\/index.php?rest_route=\/wp\/v2\/posts\/10586\/revisions\/10587"}],"wp:attachment":[{"href":"https:\/\/www.toque-musicall.com\/index.php?rest_route=%2Fwp%2Fv2%2Fmedia&parent=10586"}],"wp:term":[{"taxonomy":"category","embeddable":true,"href":"https:\/\/www.toque-musicall.com\/index.php?rest_route=%2Fwp%2Fv2%2Fcategories&post=10586"},{"taxonomy":"post_tag","embeddable":true,"href":"https:\/\/www.toque-musicall.com\/index.php?rest_route=%2Fwp%2Fv2%2Ftags&post=10586"}],"curies":[{"name":"wp","href":"https:\/\/api.w.org\/{rel}","templated":true}]}}