{"id":10593,"date":"2024-08-03T12:41:56","date_gmt":"2024-08-03T15:41:56","guid":{"rendered":"https:\/\/www.toque-musicall.com\/?p=10593"},"modified":"2024-08-04T12:47:39","modified_gmt":"2024-08-04T15:47:39","slug":"k-ximbinho-e-seu-conjunto-o-samba-de-cartola-1958","status":"publish","type":"post","link":"https:\/\/www.toque-musicall.com\/?p=10593","title":{"rendered":"K-Ximbinho E Seu Conjunto &#8211; O Samba De Cartola (1958)"},"content":{"rendered":"\n<figure class=\"wp-block-image size-large\"><img decoding=\"async\" src=\"https:\/\/blogger.googleusercontent.com\/img\/b\/R29vZ2xl\/AVvXsEi5pEfcCkdOfgirsVHFpiiedQ_XvwwL_AhVNnPNf8ODtHc3YM-7acrM2n1mRz4EmB0d4COuiiwb_mCzkugOOIMbdHMB_7V8bXFw7JuuVtfoZ1k_s7jFTXAyZ5C7kjOr77tmq0P6wCsPagL7-om4IoauGfPd9eHMkrUEKfn_1rmCR6954EFmco4e3mmSxxSo\/w640-h624\/Capturar.JPG\" alt=\"\"\/><\/figure>\n\n\n\n<figure class=\"wp-block-image size-large\"><img decoding=\"async\" src=\"https:\/\/blogger.googleusercontent.com\/img\/b\/R29vZ2xl\/AVvXsEjBAa_BmzYGfz50PBeHaDu6TW91D-gocs7bKZXq6VYsTTwySuGlTmuuis-Hvce8Txb27U5uAjUsqwTOckpRSJjmckFTAimZVRKOgSs40_FnvIJrt6GBsDMz6mvAIybE5Pe06h7z1eNodY9Z4iPESdq9DMHJ35vvRltJFh5FzqwC60sc4kezXTj6wpa3gBXO\/w640-h624\/Capturarb.JPG\" alt=\"\"\/><\/figure>\n\n\n<div class=\"separator\">&#8220;O Samba de Cartola&#8221;, eis a\u00ed um disco que a primeira vista, pelo t\u00edtulo, pode nos enganar. Tem gente que h\u00e1 de pensar que \u00e9 um disco com m\u00fasicas do sambista Cartola. Outros, talvez, dir\u00e3o o que o texto de contracapa nos fala, achar que se trata de um lp de sambas, mas com uma roupagem mais apropriada para agradar os pequenos burgueses em seus sal\u00f5es de festas. Aqui eles negam, mas, sem d\u00favida a intens\u00e3o foi sofisticar o samba a partir de arranjos jazzisticos feitos pelo mestre K-Ximbinho. Nada contra, enquanto uma moderniza\u00e7\u00e3o da harmonia e dos arranjos, inclusive demonstra a versatilidade do samba e a genialidade de m\u00fasicos como o K-Ximbinho. Mas n\u00e3o h\u00e1 como negar que o samba para chegar , por exemplo, no lend\u00e1rio Vougue, teve antes que se vestir a car\u00e1ter e colocar a cartola. Mas isso \u00e9 outra hist\u00f3ria.\u00a0 O certo, aqui, \u00e9 que temos um disco musicalmente e instrumentalmente diferente do comum. Uma sele\u00e7\u00e3o de sambas cl\u00e1ssicos com fortes influ\u00eancias da m\u00fasica americana daquela \u00e9poca, uma pegada jazz\u00edstica que se por um lado causa espanto, por outro, uma grande surpresa que agrada facilmente o ouvido &#8216;culto&#8217;e estrangeiro. Um disco, acima de tudo, da melhor qualidade.<\/div>\n<div class=\"separator\">\u00a0<\/div>\n<div class=\"separator\">viva meu samba<\/div>\n<div class=\"separator\">agora \u00e9 cinza<\/div>\n<div class=\"separator\">chove l\u00e1 fora<\/div>\n<div class=\"separator\">aquarela do brasil<\/div>\n<div class=\"separator\">e eu sem maria<\/div>\n<div class=\"separator\">a voz do morro<\/div>\n<div class=\"separator\">onde o c\u00e9u \u00e9 amis azul<\/div>\n<div class=\"separator\">se voc\u00ea jurar<\/div>\n<div class=\"separator\">sucedeu assim<\/div>\n<div class=\"separator\">jo\u00e3o valent\u00e3o<\/div>\n<div class=\"separator\">ai que saudades da am\u00e9lia<\/div>\n<div class=\"separator\">falsa baiana<\/div>\n<div class=\"separator\">\u00a0<\/div>\n<div class=\"separator\">\u00a0<\/div>\n<div class=\"separator\">.<\/div>\n<div class=\"separator\">\u00a0<\/div>","protected":false},"excerpt":{"rendered":"<p>&#8220;O Samba de Cartola&#8221;, eis a\u00ed um disco que a primeira vista, pelo t\u00edtulo, pode nos enganar. Tem gente que h\u00e1 de pensar que \u00e9 um disco com m\u00fasicas do sambista Cartola. Outros, talvez, dir\u00e3o o que o texto de &hellip; <a href=\"https:\/\/www.toque-musicall.com\/?p=10593\">Continue lendo <span class=\"meta-nav\">&rarr;<\/span><\/a><\/p>\n","protected":false},"author":1,"featured_media":0,"comment_status":"closed","ping_status":"closed","sticky":false,"template":"","format":"standard","meta":{"footnotes":""},"categories":[1],"tags":[4044,3057],"class_list":["post-10593","post","type-post","status-publish","format-standard","hentry","category-sem-categoria","tag-k-ximbinho","tag-selo-polydor"],"_links":{"self":[{"href":"https:\/\/www.toque-musicall.com\/index.php?rest_route=\/wp\/v2\/posts\/10593","targetHints":{"allow":["GET"]}}],"collection":[{"href":"https:\/\/www.toque-musicall.com\/index.php?rest_route=\/wp\/v2\/posts"}],"about":[{"href":"https:\/\/www.toque-musicall.com\/index.php?rest_route=\/wp\/v2\/types\/post"}],"author":[{"embeddable":true,"href":"https:\/\/www.toque-musicall.com\/index.php?rest_route=\/wp\/v2\/users\/1"}],"replies":[{"embeddable":true,"href":"https:\/\/www.toque-musicall.com\/index.php?rest_route=%2Fwp%2Fv2%2Fcomments&post=10593"}],"version-history":[{"count":2,"href":"https:\/\/www.toque-musicall.com\/index.php?rest_route=\/wp\/v2\/posts\/10593\/revisions"}],"predecessor-version":[{"id":10597,"href":"https:\/\/www.toque-musicall.com\/index.php?rest_route=\/wp\/v2\/posts\/10593\/revisions\/10597"}],"wp:attachment":[{"href":"https:\/\/www.toque-musicall.com\/index.php?rest_route=%2Fwp%2Fv2%2Fmedia&parent=10593"}],"wp:term":[{"taxonomy":"category","embeddable":true,"href":"https:\/\/www.toque-musicall.com\/index.php?rest_route=%2Fwp%2Fv2%2Fcategories&post=10593"},{"taxonomy":"post_tag","embeddable":true,"href":"https:\/\/www.toque-musicall.com\/index.php?rest_route=%2Fwp%2Fv2%2Ftags&post=10593"}],"curies":[{"name":"wp","href":"https:\/\/api.w.org\/{rel}","templated":true}]}}