{"id":10598,"date":"2024-08-05T18:31:00","date_gmt":"2024-08-05T21:31:00","guid":{"rendered":"https:\/\/www.toque-musicall.com\/?p=10598"},"modified":"2024-08-05T18:31:00","modified_gmt":"2024-08-05T21:31:00","slug":"ary-barroso-vol-2-1955","status":"publish","type":"post","link":"https:\/\/www.toque-musicall.com\/?p=10598","title":{"rendered":"Ary Barroso Vol. 2 (1955)\u00a0"},"content":{"rendered":"\n<figure class=\"wp-block-image size-large\"><img decoding=\"async\" src=\"https:\/\/blogger.googleusercontent.com\/img\/b\/R29vZ2xl\/AVvXsEixq-ZCGbTlxrydFzt3bpTuloucj66OgKHeQpVPI59uSliW91fbAtIJT_nYFPXitn9DDfMPrSxoSdTPSm2o66GPxdHeegMeDGRgb9VdcJFuIKPYfQlthzIPEdyrjD7yUMWdLn_1AoYsmj0oid9Z2gQ2ldy8ZSJNhtEkxwVyQAzXbgHkYP2GmIy7IVB_ukMs\/w640-h628\/Capturar.JPG\" alt=\"\"\/><\/figure>\n\n\n\n<figure class=\"wp-block-image size-large\"><img decoding=\"async\" src=\"https:\/\/blogger.googleusercontent.com\/img\/b\/R29vZ2xl\/AVvXsEhq8eFANONWdKGGGItP2HNudwt2QU4gxftipXJyQPfKOJOvvGhpvZH1Ge5Tb2bP4vGb51s5HhvaTFpQZOGjSIyxKsqX3i7IzOm3aHeF6lmA1fwKm_8olh_VoOvUaMntsJy7B8xsW0wMbjHtu7dV__voSioDGumBsS_ntAMc6_FDb2t4GDGjKd7SbnXJ2Z1N\/w640-h618\/Capturarb.JPG\" alt=\"\"\/><\/figure>\n\n\n<div class=\"separator\">Come\u00e7ando bem a semana, vamos aqui apresentando este lp com grande Ary Barroso. Gravado nos anos 50, este \u00e9 o volume 2 de um lan\u00e7amento da Musidisc, selo e editora do m\u00fasico Nilo S\u00e9rgio. Neste disco temos o compositor sendo interpretado por artistas como Orlando Silva, Horacina Corr\u00eaa, Nilo Sergio, Leal Brito e Rud Wharton. Por certo, fonogramas extraidos de grava\u00e7\u00f5es originais para discos de 78 rpm.<\/div>\n<div class=\"separator\">\u00a0<\/div>\n<div class=\"separator\">rio de janeiro<\/div>\n<div class=\"separator\">trapo de gente<\/div>\n<div class=\"separator\">rancho fundo<\/div>\n<div class=\"separator\">tu<\/div>\n<div class=\"separator\">faceira<\/div>\n<div class=\"separator\">folha morta<\/div>\n<div class=\"separator\">terra seca<\/div>\n<div class=\"separator\">na baixa do sapateiro<\/div>\n<div class=\"separator\">\u00a0<\/div>\n<div class=\"separator\">\u00a0<\/div>\n<div class=\"separator\">.<\/div>\n<div class=\"separator\">\u00a0<\/div>","protected":false},"excerpt":{"rendered":"<p>Come\u00e7ando bem a semana, vamos aqui apresentando este lp com grande Ary Barroso. Gravado nos anos 50, este \u00e9 o volume 2 de um lan\u00e7amento da Musidisc, selo e editora do m\u00fasico Nilo S\u00e9rgio. Neste disco temos o compositor sendo &hellip; <a href=\"https:\/\/www.toque-musicall.com\/?p=10598\">Continue lendo <span class=\"meta-nav\">&rarr;<\/span><\/a><\/p>\n","protected":false},"author":1,"featured_media":0,"comment_status":"closed","ping_status":"closed","sticky":false,"template":"","format":"standard","meta":{"footnotes":""},"categories":[1],"tags":[3494,3514],"class_list":["post-10598","post","type-post","status-publish","format-standard","hentry","category-sem-categoria","tag-ary-barroso","tag-selo-musidisc"],"_links":{"self":[{"href":"https:\/\/www.toque-musicall.com\/index.php?rest_route=\/wp\/v2\/posts\/10598","targetHints":{"allow":["GET"]}}],"collection":[{"href":"https:\/\/www.toque-musicall.com\/index.php?rest_route=\/wp\/v2\/posts"}],"about":[{"href":"https:\/\/www.toque-musicall.com\/index.php?rest_route=\/wp\/v2\/types\/post"}],"author":[{"embeddable":true,"href":"https:\/\/www.toque-musicall.com\/index.php?rest_route=\/wp\/v2\/users\/1"}],"replies":[{"embeddable":true,"href":"https:\/\/www.toque-musicall.com\/index.php?rest_route=%2Fwp%2Fv2%2Fcomments&post=10598"}],"version-history":[{"count":1,"href":"https:\/\/www.toque-musicall.com\/index.php?rest_route=\/wp\/v2\/posts\/10598\/revisions"}],"predecessor-version":[{"id":10599,"href":"https:\/\/www.toque-musicall.com\/index.php?rest_route=\/wp\/v2\/posts\/10598\/revisions\/10599"}],"wp:attachment":[{"href":"https:\/\/www.toque-musicall.com\/index.php?rest_route=%2Fwp%2Fv2%2Fmedia&parent=10598"}],"wp:term":[{"taxonomy":"category","embeddable":true,"href":"https:\/\/www.toque-musicall.com\/index.php?rest_route=%2Fwp%2Fv2%2Fcategories&post=10598"},{"taxonomy":"post_tag","embeddable":true,"href":"https:\/\/www.toque-musicall.com\/index.php?rest_route=%2Fwp%2Fv2%2Ftags&post=10598"}],"curies":[{"name":"wp","href":"https:\/\/api.w.org\/{rel}","templated":true}]}}