{"id":106,"date":"2012-03-27T23:43:00","date_gmt":"2012-03-27T23:43:00","guid":{"rendered":"http:\/\/www.toque-musicall.com\/?p=106"},"modified":"2012-03-27T23:43:00","modified_gmt":"2012-03-27T23:43:00","slug":"totonho-dia-a-dia-1978","status":"publish","type":"post","link":"https:\/\/www.toque-musicall.com\/?p=106","title":{"rendered":"Totonho &#8211; Dia A Dia (1978)"},"content":{"rendered":"<p><a href=\"http:\/\/2.bp.blogspot.com\/-5s82gApe8WY\/T3JQ1Tlcl0I\/AAAAAAAABVs\/pCfIM4GhcAU\/s1600\/capa2p.JPG\"><img decoding=\"async\" style=\"display:block; margin:0px auto 10px; text-align:center;cursor:pointer; cursor:hand;width: 400px; height: 395px;\" src=\"http:\/\/2.bp.blogspot.com\/-5s82gApe8WY\/T3JQ1Tlcl0I\/AAAAAAAABVs\/pCfIM4GhcAU\/s400\/capa2p.JPG\" border=\"0\" alt=\"\" id=\"BLOGGER_PHOTO_ID_5724726953061947202\" \/><\/a><a href=\"http:\/\/2.bp.blogspot.com\/-NXvyV4J1spM\/T3JQw9reI9I\/AAAAAAAABVg\/zCOPegd7Bdo\/s1600\/contracapap.JPG\"><img decoding=\"async\" style=\"display:block; margin:0px auto 10px; text-align:center;cursor:pointer; cursor:hand;width: 396px; height: 400px;\" src=\"http:\/\/2.bp.blogspot.com\/-NXvyV4J1spM\/T3JQw9reI9I\/AAAAAAAABVg\/zCOPegd7Bdo\/s400\/contracapap.JPG\" border=\"0\" alt=\"\" id=\"BLOGGER_PHOTO_ID_5724726878462157778\" \/><\/a>Boa noite, meus prezados! Eu havia preparado a postagem de hoje, mas quando j\u00e1 estava para public\u00e1-la percebi que n\u00e3o gravei o lado B (hehehe&#8230;). S\u00f3 agora consegui uma brecha e felizemente achei um disco de gaveta feito sob medida. J\u00e1 que a semana vai ser de samba, &#8220;Dia a dia&#8221; \u00e9 um \u00e1lbum que vai cair matando.<\/p>\n<div>Totonho (Antonio de Oliveira) \u00e9 um sambista, cantor e compositor. Mineirnho, de Al\u00e9m Para\u00edba, saiu das Gerais para se tornar um sambista respeit\u00e1vel no Rio de Janeiro. Fazia dupla com Paulinho Resende. Gravaram um compacto e tiveram suas m\u00fasicas gravadas por grandes artistas, como Alcione que fez sucesso com o samba &#8220;O Surdo&#8221;. Devido ao sucesso que suas m\u00fasicas alcan\u00e7aram, acabou gravando pela Top Tape este lp, que de estr\u00e9ia contou com um texto de apresenta\u00e7\u00e3o de S\u00e9rgio Cabral e participa\u00e7\u00e3o de artistas de peso como Neco e H\u00e9lio Delmiro nos viol\u00f5es, Mestre Mar\u00e7al e nada menos que o Azymuth (Alex Malheiros, Z\u00e9 Roberto Bertrami e Mam\u00e3o). Paulinho Resende cuidou da produ\u00e7\u00e3o ao lado do Bertrami que tamb\u00e9m fez os arranjos e cuidou da reg\u00eancia. O repert\u00f3rio \u00e9 todo autoral em parcerias, quase todas com Paulinho Resende. Disquinho bacana, podem conferir \ud83d\ude09<\/div>\n<div><\/div>\n<div style=\"text-align: center;\">tempestade de amor<\/div>\n<div style=\"text-align: center;\">dia a dia<\/div>\n<div style=\"text-align: center;\">seu rio, meu mar<\/div>\n<div style=\"text-align: center;\">no quilombo da nega cafuza<\/div>\n<div style=\"text-align: center;\">laranjas e dedos<\/div>\n<div style=\"text-align: center;\">o surdo<\/div>\n<div style=\"text-align: center;\">sejas mar ou beija flor<\/div>\n<div style=\"text-align: center;\">que ingratid\u00e3o<\/div>\n<div style=\"text-align: center;\">armadilha<\/div>\n<div style=\"text-align: center;\">trilaza<\/div>\n<div style=\"text-align: center;\">pode ser que amanh\u00e3 amanhe\u00e7a chovendo<\/div>\n<div style=\"text-align: center;\">cruz credo mangal\u00f4 tr\u00eas vezes<\/div>\n<div style=\"text-align: center;\"><\/div>\n<div style=\"text-align: center;\"><\/div>\n","protected":false},"excerpt":{"rendered":"<p>Boa noite, meus prezados! Eu havia preparado a postagem de hoje, mas quando j\u00e1 estava para public\u00e1-la percebi que n\u00e3o gravei o lado B (hehehe&#8230;). S\u00f3 agora consegui uma brecha e felizemente achei um disco de gaveta feito sob medida. &hellip; <a href=\"https:\/\/www.toque-musicall.com\/?p=106\">Continue lendo <span class=\"meta-nav\">&rarr;<\/span><\/a><\/p>\n","protected":false},"author":1,"featured_media":0,"comment_status":"open","ping_status":"closed","sticky":false,"template":"","format":"standard","meta":{"footnotes":""},"categories":[193,196],"tags":[],"class_list":["post-106","post","type-post","status-publish","format-standard","hentry","category-selo-top-tape","category-totonho"],"_links":{"self":[{"href":"https:\/\/www.toque-musicall.com\/index.php?rest_route=\/wp\/v2\/posts\/106","targetHints":{"allow":["GET"]}}],"collection":[{"href":"https:\/\/www.toque-musicall.com\/index.php?rest_route=\/wp\/v2\/posts"}],"about":[{"href":"https:\/\/www.toque-musicall.com\/index.php?rest_route=\/wp\/v2\/types\/post"}],"author":[{"embeddable":true,"href":"https:\/\/www.toque-musicall.com\/index.php?rest_route=\/wp\/v2\/users\/1"}],"replies":[{"embeddable":true,"href":"https:\/\/www.toque-musicall.com\/index.php?rest_route=%2Fwp%2Fv2%2Fcomments&post=106"}],"version-history":[{"count":0,"href":"https:\/\/www.toque-musicall.com\/index.php?rest_route=\/wp\/v2\/posts\/106\/revisions"}],"wp:attachment":[{"href":"https:\/\/www.toque-musicall.com\/index.php?rest_route=%2Fwp%2Fv2%2Fmedia&parent=106"}],"wp:term":[{"taxonomy":"category","embeddable":true,"href":"https:\/\/www.toque-musicall.com\/index.php?rest_route=%2Fwp%2Fv2%2Fcategories&post=106"},{"taxonomy":"post_tag","embeddable":true,"href":"https:\/\/www.toque-musicall.com\/index.php?rest_route=%2Fwp%2Fv2%2Ftags&post=106"}],"curies":[{"name":"wp","href":"https:\/\/api.w.org\/{rel}","templated":true}]}}