{"id":1060,"date":"2009-10-09T11:27:00","date_gmt":"2009-10-09T11:27:00","guid":{"rendered":"http:\/\/www.toque-musicall.com\/?p=1060"},"modified":"2009-10-09T11:27:00","modified_gmt":"2009-10-09T11:27:00","slug":"thiago-de-mello-estatutos-do-homem-poemas-ineditos-1989","status":"publish","type":"post","link":"https:\/\/www.toque-musicall.com\/?p=1060","title":{"rendered":"Thiago De Mello &#8211; Estatutos Do Homem &#038; Poemas In\u00e9ditos (1989)"},"content":{"rendered":"<p><a href=\"http:\/\/2.bp.blogspot.com\/_DSKVEvHtskc\/Ss_LKBMQ7_I\/AAAAAAAAFdE\/bExo_7dcWKc\/s1600-h\/Thiago+de+Mello+P.JPG\"><img decoding=\"async\" style=\"display:block; margin:0px auto 10px; text-align:center;cursor:pointer; cursor:hand;width: 400px; height: 392px;\" src=\"http:\/\/2.bp.blogspot.com\/_DSKVEvHtskc\/Ss_LKBMQ7_I\/AAAAAAAAFdE\/bExo_7dcWKc\/s400\/Thiago+de+Mello+P.JPG\" border=\"0\" alt=\"\" id=\"BLOGGER_PHOTO_ID_5390750651964780530\" \/><\/a>Enfim chegou a sexta-feira! Mais uma vez vai ser ela o dia do artista\/disco independente. Escolhi a dedo o disquinho para hoje, com todo o carinho para os amigos cultos e ocultos. O dia j\u00e1 est\u00e1 quase no fim, mas a inten\u00e7\u00e3o e a postagem permanecer\u00e3o eternamente enquanto durarmos. <\/p>\n<div>Hoje eu quero poesia, daquelas que atinge a sensibilidade e percep\u00e7\u00e3o de qualquer um. Coisa bonita de se ouvir. Que emociona at\u00e9 um cora\u00e7\u00e3o de pedra. Foi por isso que escolhi um poeta dos meus favoritos, o grande Thiago de Mello. Sua poesia \u00e9 direta, definida, feita para ser lida e cantada, assim como fez Drummond, Vin\u00edcius e como faz Paulo C\u00e9sar Pinheiro. N\u00e3o se trata de compara\u00e7\u00f5es, s\u00e3o apenas alguns dos meus poetas mais queridos, daqueles que nunca me canso de ouvir. Tenho certeza que muitos aqui compartilham do meu gosto e \u00e9 mesmo para esses que eu trago este lp. Lan\u00e7ado no final dos anos 80, o disco do poeta re\u00fane poemas, at\u00e9 ent\u00e3o in\u00e9dito, juntamente com um dos seus mais famosos, &#8220;Estatutos do Homem&#8221;, escrito em 1964, no Chile, quando foi adido cultural da embaixada brasileira naquele pa\u00eds. Tornou-se logo uma das mais consagradas poesias brasileiras, sendo conhecida e divulgada em v\u00e1rios pa\u00edses. No presente \u00e1lbum podemos ter o prazer de ouv\u00ed-las declamadas pelo seu autor, tendo ao lado a companhia de seu filho, o tamb\u00e9m poeta e m\u00fasico, o saudoso Manduka. \u00c9 dele a trilha sonora musical que embeleza ainda mais os &#8220;Estatutos do Homem &#038; Poemas In\u00e9ditos&#8221;. Eis a\u00ed um disco para fechar com chave de ouro a semana. Confiram&#8230;<\/div>\n<div><\/div>\n<div style=\"text-align: center;\">os estatutos do homem<\/div>\n<div style=\"text-align: center;\">a vida verdadeira<\/div>\n<div style=\"text-align: center;\">para repartir com todos<\/div>\n<div style=\"text-align: center;\">\u00e9 natural mas fede<\/div>\n<div style=\"text-align: center;\">andir\u00e1 &#8211; cantiga de caboclo<\/div>\n<div style=\"text-align: center;\">o sil\u00eancio da floresta<\/div>\n<div style=\"text-align: center;\">amazonas, p\u00e1tria da \u00e1gua<\/div>\n<div style=\"text-align: center;\">tercetos de amor <\/div>\n<div style=\"text-align: center;\">linda vida<\/div>\n<div style=\"text-align: center;\">feliz insuportavelmente<\/div>\n<div style=\"text-align: center;\">num campo de margaridas<\/div>\n<div style=\"text-align: center;\">ontem sonhei com tr\u00eas rinocerontes<\/div>\n<div style=\"text-align: center;\">cantiga de natal quase de roda<\/div>\n<div style=\"text-align: center;\"><\/div>\n<div style=\"text-align: center;\">***<\/div>\n<div style=\"text-align: center;\"><b>Estatuto do Homem<\/b><\/div>\n<div style=\"text-align: center;\"><span   style=\"  ;font-family:'Times New Roman';font-size:medium;\"><\/p>\n<p><span style=\"font-family:Arial;\"><b><span style=\"font-size: small;\"><span  style=\"color:#CCCCCC;\">Artigo I <\/span><\/span><\/b><span style=\"font-size: small;\"><span  style=\"color:#CCCCCC;\"><br \/>Fica decretado que agora vale a verdade.<br \/>agora vale a vida,<br \/>e de m\u00e3os dadas,<br \/>marcharemos todos pela vida verdadeira.<\/p>\n<p><\/span><\/span><b><span style=\"font-size: small;\"><span  style=\"color:#CCCCCC;\">Artigo II <\/span><\/span><\/b><span style=\"font-size: small;\"><span  style=\"color:#CCCCCC;\"><br \/>Fica decretado que todos os dias da semana,<br \/>inclusive as ter\u00e7as-feiras mais cinzentas,<br \/>t\u00eam direito a converter-se em manh\u00e3s de domingo. <\/span><\/span><\/span><\/p>\n<p><span style=\"font-family:Arial;\"><b><span style=\"font-size: small;\"><span  style=\"color:#CCCCCC;\">Artigo III  <\/span><\/span><\/b><span style=\"font-size: small;\"><span  style=\"color:#CCCCCC;\"><br \/>Fica decretado que, a partir deste instante,<br \/>haver\u00e1 girass\u00f3is em todas as janelas,<br \/>que os girass\u00f3is ter\u00e3o direito<br \/>a abrir-se dentro da sombra;<br \/>e que as janelas devem permanecer, o dia inteiro,<br \/>abertas para o verde onde cresce a esperan\u00e7a. <\/span><\/span><\/span><\/p>\n<p><span style=\"font-family:Arial;\"><b><span style=\"font-size: small;\"><span  style=\"color:#CCCCCC;\">Artigo IV<\/span><\/span><\/b><span style=\"font-size: small;\"><span  style=\"color:#CCCCCC;\"><br \/>Fica decretado que o homem<br \/>n\u00e3o precisar\u00e1 nunca mais<br \/>duvidar do homem.<br \/>Que o homem confiar\u00e1 no homem<br \/>como a palmeira confia no vento,<br \/>como o vento confia no ar,<br \/>como o ar confia no campo azul do c\u00e9u. <\/span><\/span><\/span><\/p>\n<p><span style=\"font-family:Arial;\"><span style=\"font-size: small;\"><span  style=\"color:#CCCCCC;\">        <\/span><\/span><b><span style=\"font-size: small;\"><span  style=\"color:#CCCCCC;\">Par\u00e1grafo \u00fanico:  <\/span><\/span><\/b><span style=\"font-size: small;\"><span  style=\"color:#CCCCCC;\"><br \/>      O homem, confiar\u00e1 no homem<br \/>      como um menino confia em outro menino. <\/span><\/span><\/span><\/p>\n<p><span style=\"font-family:Arial;\"><b><span style=\"font-size: small;\"><span  style=\"color:#CCCCCC;\">Artigo V  <\/span><\/span><\/b><span style=\"font-size: small;\"><span  style=\"color:#CCCCCC;\"><br \/>Fica decretado que os homens<br \/>est\u00e3o livres do jugo da mentira.<br \/>Nunca mais ser\u00e1 preciso usar<br \/>a coura\u00e7a do sil\u00eancio<br \/>nem a armadura de palavras.<br \/>O homem se sentar\u00e1 \u00e0 mesa<br \/>com seu olhar limpo<br \/>porque a verdade passar\u00e1 a ser servida<br \/>antes da sobremesa. <\/span><\/span><\/span><\/p>\n<p><span style=\"font-family:Arial;\"><b><span style=\"font-size: small;\"><span  style=\"color:#CCCCCC;\">Artigo VI  <\/span><\/span><\/b><span style=\"font-size: small;\"><span  style=\"color:#CCCCCC;\"><br \/>Fica estabelecida, durante dez s\u00e9culos,<br \/>a pr\u00e1tica sonhada pelo profeta Isa\u00edas,<br \/>e o lobo e o cordeiro pastar\u00e3o juntos<br \/>e a comida de ambos ter\u00e1 o mesmo gosto de aurora. <\/span><\/span><\/span><\/p>\n<p><span style=\"font-family:Arial;\"><b><span style=\"font-size: small;\"><span  style=\"color:#CCCCCC;\">Artigo VII  <\/span><\/span><\/b><span style=\"font-size: small;\"><span  style=\"color:#CCCCCC;\"><br \/>Por decreto irrevog\u00e1vel fica estabelecido<br \/>o reinado permanente da justi\u00e7a e da claridade,<br \/>e a alegria ser\u00e1 uma bandeira generosa<br \/>para sempre desfraldada na alma do povo. <\/span><\/span><\/span><\/p>\n<p><span style=\"font-family:Arial;\"><b><span style=\"font-size: small;\"><span  style=\"color:#CCCCCC;\">Artigo VIII   <\/span><\/span><\/b><span style=\"font-size: small;\"><span  style=\"color:#CCCCCC;\"><br \/>Fica decretado que a maior dor<br \/>sempre foi e ser\u00e1 sempre<br \/>n\u00e3o poder dar-se amor a quem se ama<br \/>e saber que \u00e9 a \u00e1gua<br \/>que d\u00e1 \u00e0 planta o milagre da flor. <\/span><\/span><\/span><\/p>\n<p><span style=\"font-family:Arial;\"><b><span style=\"font-size: small;\"><span  style=\"color:#CCCCCC;\">Artigo IX<\/span><\/span><\/b><span style=\"font-size: small;\"><span  style=\"color:#CCCCCC;\"><br \/>Fica permitido que o p\u00e3o de cada dia<br \/>tenha no homem o sinal de seu suor.<br \/>Mas que sobretudo tenha<br \/>sempre o quente sabor da ternura. <\/span><\/span><\/span><\/p>\n<p><span style=\"font-family:Arial;\"><b><span style=\"font-size: small;\"><span  style=\"color:#CCCCCC;\">Artigo X  <\/span><\/span><\/b><span style=\"font-size: small;\"><span  style=\"color:#CCCCCC;\"><br \/>Fica permitido a qualquer  pessoa,<br \/>qualquer hora da vida,<br \/>uso do traje branco. <\/span><\/span><\/span><\/p>\n<p><span style=\"font-family:Arial;\"><b><span style=\"font-size: small;\"><span  style=\"color:#CCCCCC;\">Artigo XI <\/span><\/span><\/b><span style=\"font-size: small;\"><span  style=\"color:#CCCCCC;\"><br \/>Fica decretado, por defini\u00e7\u00e3o,<br \/>que o homem \u00e9 um animal que ama<br \/>e que por isso \u00e9 belo,<br \/>muito mais belo que a estrela da manh\u00e3. <\/span><\/span><\/span><\/p>\n<p><span style=\"font-family:Arial;\"><b><span style=\"font-size: small;\"><span  style=\"color:#CCCCCC;\">Artigo XII   <\/span><\/span><\/b><span style=\"font-size: small;\"><span  style=\"color:#CCCCCC;\"><br \/>Decreta-se que nada ser\u00e1 obrigado<br \/>nem proibido,<br \/>tudo ser\u00e1 permitido,<br \/>inclusive brincar com os rinocerontes<br \/>e caminhar pelas tardes<br \/>com uma imensa beg\u00f4nia na lapela. <\/span><\/span><\/span><\/p>\n<p><span style=\"font-family:Arial;\"><span style=\"font-size: small;\"><span  style=\"color:#CCCCCC;\">        <\/span><\/span><b><span style=\"font-size: small;\"><span  style=\"color:#CCCCCC;\">Par\u00e1grafo \u00fanico:<\/span><\/span><\/b><span style=\"font-size: small;\"><span  style=\"color:#CCCCCC;\"><br \/>      S\u00f3 uma coisa fica proibida:<br \/>      amar sem amor. <\/span><\/span><\/span><\/p>\n<p><span style=\"font-family:Arial;\"><b><span style=\"font-size: small;\"><span  style=\"color:#CCCCCC;\">Artigo XIII <\/span><\/span><\/b><span style=\"font-size: small;\"><span  style=\"color:#CCCCCC;\"><br \/>Fica decretado que o dinheiro<br \/>n\u00e3o poder\u00e1 nunca mais comprar<br \/>o sol das manh\u00e3s vindouras.<br \/>Expulso do grande ba\u00fa do medo,<br \/>o dinheiro se transformar\u00e1 em uma espada fraternal<br \/>para defender o direito de cantar<br \/>e a festa do dia que chegou. <\/span><\/span><\/span><\/p>\n<p><span style=\"font-family:Arial;\"><b><span style=\"font-size: small;\"><span  style=\"color:#CCCCCC;\">Artigo Final.   <\/span><\/span><\/b><span style=\"font-size: small;\"><span  style=\"color:#CCCCCC;\"><br \/>Fica proibido o uso da palavra liberdade,<br \/>a qual ser\u00e1 suprimida dos dicion\u00e1rios<br \/>e do p\u00e2ntano enganoso das bocas.<br \/>A partir deste instante<br \/>a liberdade ser\u00e1 algo vivo e transparente<br \/>como um fogo ou um rio,<br \/>e a sua morada ser\u00e1 sempre<br \/>o cora\u00e7\u00e3o do homem.<\/span><\/span><\/span><\/p>\n<p><span  style=\"font-family:Arial;\"><span  style=\"font-size:small;\"><br \/><\/span><\/span><\/p>\n<p><\/span><\/div>\n","protected":false},"excerpt":{"rendered":"<p>Enfim chegou a sexta-feira! Mais uma vez vai ser ela o dia do artista\/disco independente. Escolhi a dedo o disquinho para hoje, com todo o carinho para os amigos cultos e ocultos. O dia j\u00e1 est\u00e1 quase no fim, mas &hellip; <a href=\"https:\/\/www.toque-musicall.com\/?p=1060\">Continue lendo <span class=\"meta-nav\">&rarr;<\/span><\/a><\/p>\n","protected":false},"author":1,"featured_media":0,"comment_status":"open","ping_status":"closed","sticky":false,"template":"","format":"standard","meta":{"footnotes":""},"categories":[1351,1352],"tags":[],"class_list":["post-1060","post","type-post","status-publish","format-standard","hentry","category-manduka","category-thiago-de-mello"],"_links":{"self":[{"href":"https:\/\/www.toque-musicall.com\/index.php?rest_route=\/wp\/v2\/posts\/1060","targetHints":{"allow":["GET"]}}],"collection":[{"href":"https:\/\/www.toque-musicall.com\/index.php?rest_route=\/wp\/v2\/posts"}],"about":[{"href":"https:\/\/www.toque-musicall.com\/index.php?rest_route=\/wp\/v2\/types\/post"}],"author":[{"embeddable":true,"href":"https:\/\/www.toque-musicall.com\/index.php?rest_route=\/wp\/v2\/users\/1"}],"replies":[{"embeddable":true,"href":"https:\/\/www.toque-musicall.com\/index.php?rest_route=%2Fwp%2Fv2%2Fcomments&post=1060"}],"version-history":[{"count":0,"href":"https:\/\/www.toque-musicall.com\/index.php?rest_route=\/wp\/v2\/posts\/1060\/revisions"}],"wp:attachment":[{"href":"https:\/\/www.toque-musicall.com\/index.php?rest_route=%2Fwp%2Fv2%2Fmedia&parent=1060"}],"wp:term":[{"taxonomy":"category","embeddable":true,"href":"https:\/\/www.toque-musicall.com\/index.php?rest_route=%2Fwp%2Fv2%2Fcategories&post=1060"},{"taxonomy":"post_tag","embeddable":true,"href":"https:\/\/www.toque-musicall.com\/index.php?rest_route=%2Fwp%2Fv2%2Ftags&post=1060"}],"curies":[{"name":"wp","href":"https:\/\/api.w.org\/{rel}","templated":true}]}}