{"id":10611,"date":"2024-08-10T20:07:51","date_gmt":"2024-08-10T23:07:51","guid":{"rendered":"https:\/\/www.toque-musicall.com\/?p=10611"},"modified":"2024-08-12T20:08:01","modified_gmt":"2024-08-12T23:08:01","slug":"festival-da-bossa-1965","status":"publish","type":"post","link":"https:\/\/www.toque-musicall.com\/?p=10611","title":{"rendered":"Festival Da Bossa (1965)"},"content":{"rendered":"\n<figure class=\"wp-block-image size-large\"><img decoding=\"async\" src=\"https:\/\/blogger.googleusercontent.com\/img\/b\/R29vZ2xl\/AVvXsEjOXaz-3H-8YFibjQ8cWasdKwA7UzF4BzeAK22UNc4qB-3i_gmUjHd9usIWfVauVrjOOmcukT0HMmgVbWTdA3J3d091GfJmhszb3hjBlCmVrk-JzzJbti88YU1DhkgadxodJMnUYB8quXZ_EZDD-9D8zdXpftHnT_6aBjWybjN_mgJ4cwhzAW0AhXgVG2Qs\/w640-h636\/Capturar.JPG\" alt=\"\"\/><\/figure>\n\n\n\n<figure class=\"wp-block-image size-large\"><img decoding=\"async\" src=\"https:\/\/blogger.googleusercontent.com\/img\/b\/R29vZ2xl\/AVvXsEjvMAYejJ2Aqet6fb24Bh9_HPtvC6QFSHFAg6j2V8FPxlNKdyFi9b8yOXo6OPlvz7dZ5mcqdHUzi_KRoZ86Vyymk4tBu5RLFpUToENWRSvj_LyqrxkSrB5nKohAlG8tJNI2hyphenhyphenBr0bFOWnnt3DI4t-ZkQq3UWgLYvpLG_KWgGCDPps4Q8U-S7UV0gulP1Ajb\/w630-h640\/Capturarb.JPG\" alt=\"\"\/><\/figure>\n\n\n<div class=\"separator\">Aqui um disco que vale o toque musical de hoje. &#8220;Festival de Bossa&#8221; \u00e9 uma colet\u00e2nea com artistas e m\u00fasicas que n\u00e3o se encontra f\u00e1cil por a\u00ed. Boa parte dos discos de artistas apresentados nesta sele\u00e7\u00e3o, hoje s\u00e3o raridades e muitos nem chegaram a ser relan\u00e7ados. Na contracapa do lp temos um texto da Vera Brasil apresentando cada um dos artistas. Disco bem conhecido do p\u00fablico, mas n\u00e3o custa nada ouvir de novo. Ou melhor, aqui no Toque Musical. Confira no GTM&#8230;<\/div>\n<div class=\"separator\">\u00a0<\/div>\n<div class=\"separator\">sambalan\u00e7o trio &#8211; samblues<\/div>\n<div class=\"separator\">alaide costa &#8211; terra de nigu\u00e9m<\/div>\n<div class=\"separator\">sansa trio &#8211; primavera<\/div>\n<div class=\"separator\">geraldo vandr\u00e9 &#8211; can\u00e7\u00e3o nordestina<\/div>\n<div class=\"separator\">elenco de arena contra zumbi &#8211; eu vivo num tempo de guerra<\/div>\n<div class=\"separator\">walter santos &#8211; samba s\u00f3<\/div>\n<div class=\"separator\">os intoc\u00e1veis &#8211; garota de ipanema<\/div>\n<div class=\"separator\">sambrasa trio -aleluia<\/div>\n<div class=\"separator\">os bossais &#8211; marcha de quarta feira de cinzas<\/div>\n<div class=\"separator\">quarteto de sab\u00e1 &#8211; pra que chorar<\/div>\n<div class=\"separator\">geraldo cunha &#8211; rancho dos namorados<\/div>\n<div class=\"separator\">trio seleno &#8211; azul contente<\/div>\n<div class=\"separator\">maricene costa &#8211; bossa na praia<\/div>\n<div class=\"separator\">andr\u00e9 pedanzzi &#8211; arrast\u00e3o<\/div>\n<div class=\"separator\">\u00a0<\/div>\n<div class=\"separator\">\u00a0<\/div>\n<div class=\"separator\">.<\/div>","protected":false},"excerpt":{"rendered":"<p>Aqui um disco que vale o toque musical de hoje. &#8220;Festival de Bossa&#8221; \u00e9 uma colet\u00e2nea com artistas e m\u00fasicas que n\u00e3o se encontra f\u00e1cil por a\u00ed. Boa parte dos discos de artistas apresentados nesta sele\u00e7\u00e3o, hoje s\u00e3o raridades e &hellip; <a href=\"https:\/\/www.toque-musicall.com\/?p=10611\">Continue lendo <span class=\"meta-nav\">&rarr;<\/span><\/a><\/p>\n","protected":false},"author":1,"featured_media":0,"comment_status":"closed","ping_status":"closed","sticky":false,"template":"","format":"standard","meta":{"footnotes":""},"categories":[1],"tags":[5727,3091],"class_list":["post-10611","post","type-post","status-publish","format-standard","hentry","category-sem-categoria","tag-festival-da-bossa","tag-selo-rge"],"_links":{"self":[{"href":"https:\/\/www.toque-musicall.com\/index.php?rest_route=\/wp\/v2\/posts\/10611","targetHints":{"allow":["GET"]}}],"collection":[{"href":"https:\/\/www.toque-musicall.com\/index.php?rest_route=\/wp\/v2\/posts"}],"about":[{"href":"https:\/\/www.toque-musicall.com\/index.php?rest_route=\/wp\/v2\/types\/post"}],"author":[{"embeddable":true,"href":"https:\/\/www.toque-musicall.com\/index.php?rest_route=\/wp\/v2\/users\/1"}],"replies":[{"embeddable":true,"href":"https:\/\/www.toque-musicall.com\/index.php?rest_route=%2Fwp%2Fv2%2Fcomments&post=10611"}],"version-history":[{"count":1,"href":"https:\/\/www.toque-musicall.com\/index.php?rest_route=\/wp\/v2\/posts\/10611\/revisions"}],"predecessor-version":[{"id":10612,"href":"https:\/\/www.toque-musicall.com\/index.php?rest_route=\/wp\/v2\/posts\/10611\/revisions\/10612"}],"wp:attachment":[{"href":"https:\/\/www.toque-musicall.com\/index.php?rest_route=%2Fwp%2Fv2%2Fmedia&parent=10611"}],"wp:term":[{"taxonomy":"category","embeddable":true,"href":"https:\/\/www.toque-musicall.com\/index.php?rest_route=%2Fwp%2Fv2%2Fcategories&post=10611"},{"taxonomy":"post_tag","embeddable":true,"href":"https:\/\/www.toque-musicall.com\/index.php?rest_route=%2Fwp%2Fv2%2Ftags&post=10611"}],"curies":[{"name":"wp","href":"https:\/\/api.w.org\/{rel}","templated":true}]}}