{"id":10613,"date":"2024-08-11T20:08:23","date_gmt":"2024-08-11T23:08:23","guid":{"rendered":"https:\/\/www.toque-musicall.com\/?p=10613"},"modified":"2024-08-12T20:10:27","modified_gmt":"2024-08-12T23:10:27","slug":"pernambuco-a-bossa-velha-viagem-musical-1960","status":"publish","type":"post","link":"https:\/\/www.toque-musicall.com\/?p=10613","title":{"rendered":"Pernambuco &#8211; A Bossa Velha &#8211; Viagem Musical (1960)"},"content":{"rendered":"\n<figure class=\"wp-block-image size-large\"><img decoding=\"async\" src=\"https:\/\/blogger.googleusercontent.com\/img\/b\/R29vZ2xl\/AVvXsEi1oXkdJmCDq3cTZbqrfvjCAwIFDVGgQYqadLJinQpy52wrpVgsavzAwPTu8PbST4pavup2svZ7pkp1CqflVrBXYmL5GVf6aPAIEWsUFAN14c6bzejEkfauvkmedCwTcfp_DX7pMyAg1KBzUlJ8Z434_lp6qO_RYHS-zSrWw4TM3UboI-pqVQNr-nSRWRJm\/w630-h640\/Capturar.JPG\" alt=\"\"\/><\/figure>\n\n\n\n<figure class=\"wp-block-image size-large\"><img decoding=\"async\" src=\"https:\/\/blogger.googleusercontent.com\/img\/b\/R29vZ2xl\/AVvXsEhlOYmsNIsW4iNPcqKiHNF2nOio-FAXT_xad1GK5jc1eLk0d3LUn4vmvufDrVTdv0IuQ8oTCUojUtB7NBM84zuCEMvwazULTMVFyOiCX_Yr0Zr-u0IwZ2AOKVrWqMNZTKXWfAp7WzG1czOaG4RXoMDCBRmY1DEHsCk1g0KLRg5WtTjaLEvR0SDLnytmiA35\/w634-h640\/Capturarb.JPG\" alt=\"\"\/><\/figure>\n\n\n<div class=\"separator\">Mais uma vez, merecendo o nosso toque, temos a presen\u00e7a fonomusical de Ayres da Costa Pessoa, m\u00fasico, instrumentista, maestro e compositor pernambucano, que por isso mesmo ficou conhecido como Pernambuco. Come\u00e7ou sua carreira vindo para o Rio de Janeiro onde inicialmente atuou como pistonista da orquestra do maestro Fon-Fon. De pistonista passou para o piano, se dedicando a composi\u00e7\u00f5es e arranjos. J\u00e1 postamos outros discos dele aqui e como j\u00e1 foi dito, h\u00e1 poucas informa\u00e7\u00f5es sobre este artista.\u00a0<\/div>\n<div class=\"separator\">Aqui temos dele &#8220;A Bossa Velha &#8211; Viagem Musical&#8221;, lp lan\u00e7ado em 1960 pelo selo CID Internacional. Um \u00e1lbum bem bacana onde Pernambuco e seu conjunto passeiam por diferentes temas cl\u00e1ssicos, de diferentes regi\u00f5es do Brasil.\u00a0<\/div>\n<div class=\"separator\">\u00a0<\/div>\n<div class=\"separator\">can\u00e7\u00e3o para ingl\u00eas ver<\/div>\n<div class=\"separator\">cidade das morenas maravilhosas<\/div>\n<div class=\"separator\">valsa verde<\/div>\n<div class=\"separator\">maracangalha<\/div>\n<div class=\"separator\">na baixa do sapateiro<\/div>\n<div class=\"separator\">felicidade<\/div>\n<div class=\"separator\">s\u00e3o paulo quatrocent\u00e3o<\/div>\n<div class=\"separator\">oia a virada<\/div>\n<div class=\"separator\">rosa de maio<\/div>\n<div class=\"separator\">o amor e a rosa<\/div>\n<div class=\"separator\">peixe vivo &#8211; minas gerais<\/div>\n<div class=\"separator\">n\u00e3o v\u00e1 ao par\u00e1<\/div>\n<div class=\"separator\">\u00a0<\/div>\n<div class=\"separator\">\u00a0<\/div>\n<div class=\"separator\">.<\/div>","protected":false},"excerpt":{"rendered":"<p>Mais uma vez, merecendo o nosso toque, temos a presen\u00e7a fonomusical de Ayres da Costa Pessoa, m\u00fasico, instrumentista, maestro e compositor pernambucano, que por isso mesmo ficou conhecido como Pernambuco. Come\u00e7ou sua carreira vindo para o Rio de Janeiro onde &hellip; <a href=\"https:\/\/www.toque-musicall.com\/?p=10613\">Continue lendo <span class=\"meta-nav\">&rarr;<\/span><\/a><\/p>\n","protected":false},"author":1,"featured_media":0,"comment_status":"closed","ping_status":"closed","sticky":false,"template":"","format":"standard","meta":{"footnotes":""},"categories":[1],"tags":[5737,3215],"class_list":["post-10613","post","type-post","status-publish","format-standard","hentry","category-sem-categoria","tag-pernambuco","tag-selo-cid-internacional"],"_links":{"self":[{"href":"https:\/\/www.toque-musicall.com\/index.php?rest_route=\/wp\/v2\/posts\/10613","targetHints":{"allow":["GET"]}}],"collection":[{"href":"https:\/\/www.toque-musicall.com\/index.php?rest_route=\/wp\/v2\/posts"}],"about":[{"href":"https:\/\/www.toque-musicall.com\/index.php?rest_route=\/wp\/v2\/types\/post"}],"author":[{"embeddable":true,"href":"https:\/\/www.toque-musicall.com\/index.php?rest_route=\/wp\/v2\/users\/1"}],"replies":[{"embeddable":true,"href":"https:\/\/www.toque-musicall.com\/index.php?rest_route=%2Fwp%2Fv2%2Fcomments&post=10613"}],"version-history":[{"count":1,"href":"https:\/\/www.toque-musicall.com\/index.php?rest_route=\/wp\/v2\/posts\/10613\/revisions"}],"predecessor-version":[{"id":10614,"href":"https:\/\/www.toque-musicall.com\/index.php?rest_route=\/wp\/v2\/posts\/10613\/revisions\/10614"}],"wp:attachment":[{"href":"https:\/\/www.toque-musicall.com\/index.php?rest_route=%2Fwp%2Fv2%2Fmedia&parent=10613"}],"wp:term":[{"taxonomy":"category","embeddable":true,"href":"https:\/\/www.toque-musicall.com\/index.php?rest_route=%2Fwp%2Fv2%2Fcategories&post=10613"},{"taxonomy":"post_tag","embeddable":true,"href":"https:\/\/www.toque-musicall.com\/index.php?rest_route=%2Fwp%2Fv2%2Ftags&post=10613"}],"curies":[{"name":"wp","href":"https:\/\/api.w.org\/{rel}","templated":true}]}}