{"id":10615,"date":"2024-08-12T21:36:30","date_gmt":"2024-08-13T00:36:30","guid":{"rendered":"https:\/\/www.toque-musicall.com\/?p=10615"},"modified":"2024-08-13T12:51:32","modified_gmt":"2024-08-13T15:51:32","slug":"the-rebels-1969","status":"publish","type":"post","link":"https:\/\/www.toque-musicall.com\/?p=10615","title":{"rendered":"The Rebels (1969)"},"content":{"rendered":"\n<figure class=\"wp-block-image size-large\"><img decoding=\"async\" src=\"https:\/\/blogger.googleusercontent.com\/img\/b\/R29vZ2xl\/AVvXsEifi9fL0b5jaZUZwwufBgTCgabxN56KH7r1C8UD83w_471OVa4M9xJ5HVWMkQvP-_IYCWC96nNgeoDrsVrIbMklIEjtPYqqMe00qUlU9_RpD1Aj5djXNkEQjYcfpZAfuXNopjsprczsLGqbcS137GUTYwddVjPl7ptPpcKJO556rS3wH3ygiuANt9RRSoW2\/w640-h638\/Capturar.JPG\" alt=\"\"\/><\/figure>\n\n\n\n<figure class=\"wp-block-image size-large\"><img decoding=\"async\" src=\"https:\/\/blogger.googleusercontent.com\/img\/b\/R29vZ2xl\/AVvXsEiTRNZD1BUCYlH0VU2ZYHGGvqmIQ8p_s17OvNxAZN9KurVzOozfiS71W5AUKG20gmNkGS7OfTSLujtLs3dZmVy5LzCS3poKF3_re1kbEmak8P9I38qU4np-anWZj0OcZ0LOSmGZzTxY7qGDuyIJV97-od3CPMwtGlGLfFG36FpPCmIsKZLT7ZxpV-XtjNYg\/w640-h640\/Capturarb.JPG\" alt=\"\"\/><\/figure>\n\n\n<div class=\"separator\">Mais uma boa curiosidade musical&#8230; aqui temos e mais uma vez o conjunto The Rebels, que foi um grupo de rock\/twist, formado no final dos anos 50. Em alguns sites informam que eles surgiram no Rio de Janeiro e depois mudaram-se para S\u00e3o Paulo. Eu, por\u00e9m, me apoio em outras fontes* que dizem que o grupo \u00e9 mesmo paulista. Formado inicialmente por Jos\u00e9 Gagliardi Jr (guitarra base e vocal); Romeu Benvenutti (guitarra solo); L\u00eddio Benvenutti, o Nene (bateria); Jos\u00e9 Carlos Camargo (baixo) e Gaspar (piano). Em 1960 Jos\u00e9 Gagliardi Jr sai do conjunto para se tornar o Prini Lorez, lembram dele? Os rebeldes d\u00e3o uma pausa, mas retornam em 62 com uma forma\u00e7\u00e3o diferente. No lugar de Gagilardi entra Constantino, Nene se transfere para o baixo, entra Nino na bateria e Jos\u00e9 Carlos Camargo assume a guitarra solo, al\u00e9m de se tornar o principal compositor. Sim, al\u00e9m dos &#8216;covers&#8217; eles tamb\u00e9m compunham. Com esta forma\u00e7\u00e3o eles gravaram ainda mais dois discos, cada um em gravadoras diferentes. Gravaram tamb\u00e9m um disco com um cantor americano chamado Dave Gordon (King Dave And The Rebels) que tamb\u00e9m j\u00e1 postamos aqui. No final dos anos 60, os rebeldes j\u00e1 com outros &#8216;ares&#8217; se tornam um grupo vocal, bem ao estilo conjunto de baile e tamb\u00e9m com uma nova forma\u00e7\u00e3o lan\u00e7am este que foi seu \u00faltimo disco, pelo selo Musicolor. Um lp essencialmente de &#8216;covers&#8217; de sucessos nacionais e internacionais daquele momento&#8230;<\/div>\n<div class=\"separator\">\u00a0<\/div>\n<div class=\"separator\">just a dream ago<\/div>\n<div class=\"separator\">israelites<\/div>\n<div class=\"separator\">fuiste mia un verano<\/div>\n<div class=\"separator\">sou eu<\/div>\n<div class=\"separator\">teh boxer<\/div>\n<div class=\"separator\">que pena<\/div>\n<div class=\"separator\">talking with god<\/div>\n<div class=\"separator\">these eyes<\/div>\n<div class=\"separator\">o pequeno burgues<\/div>\n<div class=\"separator\">a time for us<\/div>\n<div class=\"separator\">these are not my people<\/div>\n<div class=\"separator\">nobody but me<\/div>\n<div class=\"separator\">\u00a0<\/div>\n<div class=\"separator\">\u00a0<\/div>\n<div class=\"separator\">\u00a0<\/div>","protected":false},"excerpt":{"rendered":"<p>Mais uma boa curiosidade musical&#8230; aqui temos e mais uma vez o conjunto The Rebels, que foi um grupo de rock\/twist, formado no final dos anos 50. Em alguns sites informam que eles surgiram no Rio de Janeiro e depois &hellip; <a href=\"https:\/\/www.toque-musicall.com\/?p=10615\">Continue lendo <span class=\"meta-nav\">&rarr;<\/span><\/a><\/p>\n","protected":false},"author":1,"featured_media":0,"comment_status":"closed","ping_status":"closed","sticky":false,"template":"","format":"standard","meta":{"footnotes":""},"categories":[1],"tags":[3723,5738],"class_list":["post-10615","post","type-post","status-publish","format-standard","hentry","category-sem-categoria","tag-selo-musicolor","tag-the-rebels"],"_links":{"self":[{"href":"https:\/\/www.toque-musicall.com\/index.php?rest_route=\/wp\/v2\/posts\/10615","targetHints":{"allow":["GET"]}}],"collection":[{"href":"https:\/\/www.toque-musicall.com\/index.php?rest_route=\/wp\/v2\/posts"}],"about":[{"href":"https:\/\/www.toque-musicall.com\/index.php?rest_route=\/wp\/v2\/types\/post"}],"author":[{"embeddable":true,"href":"https:\/\/www.toque-musicall.com\/index.php?rest_route=\/wp\/v2\/users\/1"}],"replies":[{"embeddable":true,"href":"https:\/\/www.toque-musicall.com\/index.php?rest_route=%2Fwp%2Fv2%2Fcomments&post=10615"}],"version-history":[{"count":2,"href":"https:\/\/www.toque-musicall.com\/index.php?rest_route=\/wp\/v2\/posts\/10615\/revisions"}],"predecessor-version":[{"id":10617,"href":"https:\/\/www.toque-musicall.com\/index.php?rest_route=\/wp\/v2\/posts\/10615\/revisions\/10617"}],"wp:attachment":[{"href":"https:\/\/www.toque-musicall.com\/index.php?rest_route=%2Fwp%2Fv2%2Fmedia&parent=10615"}],"wp:term":[{"taxonomy":"category","embeddable":true,"href":"https:\/\/www.toque-musicall.com\/index.php?rest_route=%2Fwp%2Fv2%2Fcategories&post=10615"},{"taxonomy":"post_tag","embeddable":true,"href":"https:\/\/www.toque-musicall.com\/index.php?rest_route=%2Fwp%2Fv2%2Ftags&post=10615"}],"curies":[{"name":"wp","href":"https:\/\/api.w.org\/{rel}","templated":true}]}}