{"id":10620,"date":"2024-08-14T18:05:26","date_gmt":"2024-08-14T21:05:26","guid":{"rendered":"https:\/\/www.toque-musicall.com\/?p=10620"},"modified":"2024-08-15T18:07:08","modified_gmt":"2024-08-15T21:07:08","slug":"joel-de-almeida-o-cidadao-carnaval-1973","status":"publish","type":"post","link":"https:\/\/www.toque-musicall.com\/?p=10620","title":{"rendered":"Joel De Almeida &#8211; O Cidad\u00e3o Carnaval (1973)"},"content":{"rendered":"\n<figure class=\"wp-block-image size-large\"><img decoding=\"async\" src=\"https:\/\/blogger.googleusercontent.com\/img\/b\/R29vZ2xl\/AVvXsEikNS2xbN5lsy2R1jxRrflB1qo-YCmJZ64FfqzFT5OqYuZ5J_nM3RtX6_i5YMhadrWJ3ypnoSi5v65G7YJN2rIcR8n_OkuETSNxahOT2xFfG_pW5vOmVhHGmjg03UTnryTNV-_ORhHNmVQBtcizU3u62uoHWgsFeqcmmaoZsHIBdil7e-C47EINajhmEano\/w640-h620\/Capturar.JPG\" alt=\"\"\/><\/figure>\n\n\n\n<figure class=\"wp-block-image size-large\"><img decoding=\"async\" src=\"https:\/\/blogger.googleusercontent.com\/img\/b\/R29vZ2xl\/AVvXsEjH9M2Kda9bzBKE26D457_uz0b4eetrn4Ll_w-SN7qcEoNR2LJqBcA65NiKkE1RP5OOCtVAe5-XPnoYEztWyvDEE5E5ufmM0Kzs1qIXJnJiemeRE2yOB2fYLFQRc-H_NoQHWwJXPzCEY6BDMZRB6zMvx2LaTMUfzbMh0s9XIqsbNCdNvhy1J1aKWyd7Solo\/w640-h634\/Capturarb.JPG\" alt=\"\"\/><\/figure>\n\n\n<div class=\"separator\">Este disco era para ter sido apresentado aqui no periodo do carnaval. Acabou ficando para depois&#8230; Mas diante do nome de Joel de Almeida, cabe a qualquer momento. Cantor e compositor (tamb\u00e9m radialista), dedicou boa parte de sua vida ao carnaval, com int\u00e9rprete e compositor. Atuou no cimena cantando em uma dezena de filmes. Formou dupla com o cantor Ga\u00facho (Joel e Gaucho) e tamb\u00e9m gravou v\u00e1rios discos. J\u00e1 postamos algumas outras coisas dele aqui no TM e desta vez, temos um lp lan\u00e7ado em 1973 pela Odeon onde ele interpreta boa parte desses seus sucessos&#8230;<\/div>\n<div>\u00a0<\/div>\n<div>40 carnavais<\/div>\n<div>pierrot apaixonado<\/div>\n<div>dansa do bolim-bolacho<\/div>\n<div>mulata (rainha do meu carnaval)<\/div>\n<div>cai cai<\/div>\n<div>quem sabe sabe<\/div>\n<div>chatolino<\/div>\n<div>saco de confete<\/div>\n<div>aurora<\/div>\n<div>a mulher do padeiro<\/div>\n<div>madureira chorou<\/div>\n<div>deixa o sol brilhar<\/div>\n<div>vai ver que \u00e9<\/div>\n<div>depois de horas<\/div>\n<div>\u00a0<\/div>\n<div>\u00a0<\/div>","protected":false},"excerpt":{"rendered":"<p>Este disco era para ter sido apresentado aqui no periodo do carnaval. Acabou ficando para depois&#8230; Mas diante do nome de Joel de Almeida, cabe a qualquer momento. Cantor e compositor (tamb\u00e9m radialista), dedicou boa parte de sua vida ao &hellip; <a href=\"https:\/\/www.toque-musicall.com\/?p=10620\">Continue lendo <span class=\"meta-nav\">&rarr;<\/span><\/a><\/p>\n","protected":false},"author":1,"featured_media":0,"comment_status":"closed","ping_status":"closed","sticky":false,"template":"","format":"standard","meta":{"footnotes":""},"categories":[1],"tags":[4122,3153],"class_list":["post-10620","post","type-post","status-publish","format-standard","hentry","category-sem-categoria","tag-joel-de-almeida","tag-selo-odeon"],"_links":{"self":[{"href":"https:\/\/www.toque-musicall.com\/index.php?rest_route=\/wp\/v2\/posts\/10620","targetHints":{"allow":["GET"]}}],"collection":[{"href":"https:\/\/www.toque-musicall.com\/index.php?rest_route=\/wp\/v2\/posts"}],"about":[{"href":"https:\/\/www.toque-musicall.com\/index.php?rest_route=\/wp\/v2\/types\/post"}],"author":[{"embeddable":true,"href":"https:\/\/www.toque-musicall.com\/index.php?rest_route=\/wp\/v2\/users\/1"}],"replies":[{"embeddable":true,"href":"https:\/\/www.toque-musicall.com\/index.php?rest_route=%2Fwp%2Fv2%2Fcomments&post=10620"}],"version-history":[{"count":1,"href":"https:\/\/www.toque-musicall.com\/index.php?rest_route=\/wp\/v2\/posts\/10620\/revisions"}],"predecessor-version":[{"id":10621,"href":"https:\/\/www.toque-musicall.com\/index.php?rest_route=\/wp\/v2\/posts\/10620\/revisions\/10621"}],"wp:attachment":[{"href":"https:\/\/www.toque-musicall.com\/index.php?rest_route=%2Fwp%2Fv2%2Fmedia&parent=10620"}],"wp:term":[{"taxonomy":"category","embeddable":true,"href":"https:\/\/www.toque-musicall.com\/index.php?rest_route=%2Fwp%2Fv2%2Fcategories&post=10620"},{"taxonomy":"post_tag","embeddable":true,"href":"https:\/\/www.toque-musicall.com\/index.php?rest_route=%2Fwp%2Fv2%2Ftags&post=10620"}],"curies":[{"name":"wp","href":"https:\/\/api.w.org\/{rel}","templated":true}]}}