{"id":10622,"date":"2024-08-15T18:09:39","date_gmt":"2024-08-15T21:09:39","guid":{"rendered":"https:\/\/www.toque-musicall.com\/?p=10622"},"modified":"2024-08-15T18:09:39","modified_gmt":"2024-08-15T21:09:39","slug":"radames-gnattali-valsas-da-minha-terra-1969","status":"publish","type":"post","link":"https:\/\/www.toque-musicall.com\/?p=10622","title":{"rendered":"Radam\u00e9s Gnattali &#8211; Valsas Da Minha Terra (1969)"},"content":{"rendered":"\n<figure class=\"wp-block-image size-large\"><img decoding=\"async\" src=\"https:\/\/blogger.googleusercontent.com\/img\/b\/R29vZ2xl\/AVvXsEiQDmqxmwbjUPNSQwtDNOKdfEycWh6ragUsa7bY2cjIvF80SqnlB6g7lt0uErtupfDlnTqQ_ULNMTge80vTPLmZjKuriXNjSGJf7fzkhmoMM0XJwrqo7XvMejxFjjsyfDkj4CxjHV5TfKtL0IMWxOepfWYrbKjEJ4-4XJOXDeuVUTpMK29joSPA5EOYlh1V\/w640-h634\/Capturar.JPG\" alt=\"\"\/><\/figure>\n\n\n\n<figure class=\"wp-block-image size-large\"><img decoding=\"async\" src=\"https:\/\/blogger.googleusercontent.com\/img\/b\/R29vZ2xl\/AVvXsEhZj9hrx6f1quPrw5DbAWiuYKvSNGO8TEyuvtXAKcsCdMVm1limargw9NoiaBt5IXveOVw9MumjlseiWHN_kz81Ryk3JkLAojRqdreLMwkUyWdQEDsHgBmkEbPLdQCqoBp3EkRQ9RBi4IYJhWcHkWELR0swxF09CjD-GZscZ3MTxgEQSknh-IrhvCCaBMJp\/w632-h640\/Capturarb.JPG\" alt=\"\"\/><\/figure>\n\n\n<div class=\"separator\">Seguimos com mais um disco, desta vez para os amantes da valsa, um g\u00eanero t\u00e3o popular e que muito agrada. Ainda mais sendo uma interpreta\u00e7\u00e3o de Radam\u00e9s Gnatalli e sua orquestra, com participa\u00e7\u00e3o especial do violonista Dilermando Reis. O repert\u00f3rio \u00e9 cl\u00e1ssico&#8230;<\/div>\n<div class=\"separator\">\u00a0<\/div>\n<div class=\"separator\">clube xv<\/div>\n<div class=\"separator\">minha valsa<\/div>\n<div class=\"separator\">abismo de rosas<\/div>\n<div class=\"separator\">branca<\/div>\n<div class=\"separator\">saudades de ouro preto<\/div>\n<div class=\"separator\">rapaziada do braz<\/div>\n<div class=\"separator\">saudades de mat\u00e3o<\/div>\n<div class=\"separator\">flor do mal<\/div>\n<div class=\"separator\">velho realejo<\/div>\n<div class=\"separator\">deusa da minha rua<\/div>\n<div class=\"separator\">valsa da meia noite<\/div>\n<div class=\"separator\">alma de violinos<\/div>\n<div class=\"separator\">\u00a0<\/div>\n<div class=\"separator\">\u00a0<\/div>\n<div class=\"separator\">\u00a0<\/div>","protected":false},"excerpt":{"rendered":"<p>Seguimos com mais um disco, desta vez para os amantes da valsa, um g\u00eanero t\u00e3o popular e que muito agrada. Ainda mais sendo uma interpreta\u00e7\u00e3o de Radam\u00e9s Gnatalli e sua orquestra, com participa\u00e7\u00e3o especial do violonista Dilermando Reis. O repert\u00f3rio &hellip; <a href=\"https:\/\/www.toque-musicall.com\/?p=10622\">Continue lendo <span class=\"meta-nav\">&rarr;<\/span><\/a><\/p>\n","protected":false},"author":1,"featured_media":0,"comment_status":"closed","ping_status":"closed","sticky":false,"template":"","format":"standard","meta":{"footnotes":""},"categories":[1],"tags":[5739,3327],"class_list":["post-10622","post","type-post","status-publish","format-standard","hentry","category-sem-categoria","tag-radames-gnatalli","tag-selo-continental"],"_links":{"self":[{"href":"https:\/\/www.toque-musicall.com\/index.php?rest_route=\/wp\/v2\/posts\/10622","targetHints":{"allow":["GET"]}}],"collection":[{"href":"https:\/\/www.toque-musicall.com\/index.php?rest_route=\/wp\/v2\/posts"}],"about":[{"href":"https:\/\/www.toque-musicall.com\/index.php?rest_route=\/wp\/v2\/types\/post"}],"author":[{"embeddable":true,"href":"https:\/\/www.toque-musicall.com\/index.php?rest_route=\/wp\/v2\/users\/1"}],"replies":[{"embeddable":true,"href":"https:\/\/www.toque-musicall.com\/index.php?rest_route=%2Fwp%2Fv2%2Fcomments&post=10622"}],"version-history":[{"count":1,"href":"https:\/\/www.toque-musicall.com\/index.php?rest_route=\/wp\/v2\/posts\/10622\/revisions"}],"predecessor-version":[{"id":10623,"href":"https:\/\/www.toque-musicall.com\/index.php?rest_route=\/wp\/v2\/posts\/10622\/revisions\/10623"}],"wp:attachment":[{"href":"https:\/\/www.toque-musicall.com\/index.php?rest_route=%2Fwp%2Fv2%2Fmedia&parent=10622"}],"wp:term":[{"taxonomy":"category","embeddable":true,"href":"https:\/\/www.toque-musicall.com\/index.php?rest_route=%2Fwp%2Fv2%2Fcategories&post=10622"},{"taxonomy":"post_tag","embeddable":true,"href":"https:\/\/www.toque-musicall.com\/index.php?rest_route=%2Fwp%2Fv2%2Ftags&post=10622"}],"curies":[{"name":"wp","href":"https:\/\/api.w.org\/{rel}","templated":true}]}}