{"id":10632,"date":"2024-08-20T19:42:40","date_gmt":"2024-08-20T22:42:40","guid":{"rendered":"https:\/\/www.toque-musicall.com\/?p=10632"},"modified":"2024-08-21T19:44:49","modified_gmt":"2024-08-21T22:44:49","slug":"carlinhos-e-seu-conjunto-como-e-bom-dancar-1956-2","status":"publish","type":"post","link":"https:\/\/www.toque-musicall.com\/?p=10632","title":{"rendered":"Carlinhos E Seu Conjunto &#8211; Como \u00c9 Bom Dancar (1956)"},"content":{"rendered":"\n<figure class=\"wp-block-image size-large\"><img decoding=\"async\" src=\"https:\/\/blogger.googleusercontent.com\/img\/b\/R29vZ2xl\/AVvXsEjfxeT2AIrH1K8AvJ0q5ZycnjeozeHasNXorIWK2XUuvIjKTj7g8gxgQsqWpE19I5sQlAzqqPxGy9YhoU7toAVaNfT0pmjRXmhdzqZsKPrKhtTJyEIJxFsu_Y-xDw31UdxX7IG8GhNohvpEn6qWlGsAEReqk6JowgNM5fhpfSnbWTYDfDnNEXLSBLLeQZvP\/w640-h628\/Capturar.JPG\" alt=\"\"\/><\/figure>\n\n\n\n<figure class=\"wp-block-image size-large\"><img decoding=\"async\" src=\"https:\/\/blogger.googleusercontent.com\/img\/b\/R29vZ2xl\/AVvXsEhT_uQ8yQYAJzyZvEH9W6GwXUK1dTj9yNaSVTnVJr8O0N0PXdXKZMT3aJVpcPU_H1tWYDDpcg6GTZdVwtGp1ZuHTWpyQd3K0nZ5nFfJ72Y5Up86JtSMXvaFDzG7HEYEbNcYJcsI36ZhwuLI3TjzoydKjtoYLO24nNhVZNhGUiWfJ2KCvi1rgaFnfqhuKNHh\/w640-h626\/Capturarb.JPG\" alt=\"\"\/><\/figure>\n\n\n<div class=\"separator\">Seguindo em nosso agosto e ao gosto de gregos e troianos, pois aqui o importante \u00e9 que todos seja felizes \ud83d\ude01, hoje vamos com este lp de 10 polegadas do acordeonista paulista, Carlinhos Maffasoli e seu conjunto. Este foi o seu segundo lp, lan\u00e7ado pela Columbia, em 1956. Assim como o primeiro, lan\u00e7ado no mesmo ano, re\u00fane m\u00fasicas gravadas entre 1954 a 56 em discos de 78 rpm. O repert\u00f3rio segue bem o que se produzia nessa \u00e9poca, m\u00fasica para dan\u00e7ar. E no repert\u00f3rio, um misto com temas populares nacionais e internacionais que bem agradava a turma daquela tempo. Quem n\u00e3o podia ir \u00e0s boate$, dan\u00e7ava na sala de casa mesmo.\u00a0<\/div>\n<div class=\"separator\">\u00a0<\/div>\n<div class=\"separator\">como \u00e9 bom dan\u00e7ar<\/div>\n<div class=\"separator\">me lodijj adela<\/div>\n<div class=\"separator\">os pobres de paris<\/div>\n<div class=\"separator\">bigode de arame<\/div>\n<div class=\"separator\">carlos gardel<\/div>\n<div class=\"separator\">tristeza marina<\/div>\n<div class=\"separator\">jura-me<\/div>\n<div class=\"separator\">hoje quem paga sou eu<\/div>\n<div class=\"separator\">\u00a0<\/div>\n<div class=\"separator\">\u00a0<\/div>\n<div class=\"separator\">.<\/div>","protected":false},"excerpt":{"rendered":"<p>Seguindo em nosso agosto e ao gosto de gregos e troianos, pois aqui o importante \u00e9 que todos seja felizes \ud83d\ude01, hoje vamos com este lp de 10 polegadas do acordeonista paulista, Carlinhos Maffasoli e seu conjunto. Este foi o &hellip; <a href=\"https:\/\/www.toque-musicall.com\/?p=10632\">Continue lendo <span class=\"meta-nav\">&rarr;<\/span><\/a><\/p>\n","protected":false},"author":1,"featured_media":0,"comment_status":"closed","ping_status":"closed","sticky":false,"template":"","format":"standard","meta":{"footnotes":""},"categories":[1],"tags":[4803,3238],"class_list":["post-10632","post","type-post","status-publish","format-standard","hentry","category-sem-categoria","tag-carlinhos-mafasoli","tag-selo-columbia"],"_links":{"self":[{"href":"https:\/\/www.toque-musicall.com\/index.php?rest_route=\/wp\/v2\/posts\/10632","targetHints":{"allow":["GET"]}}],"collection":[{"href":"https:\/\/www.toque-musicall.com\/index.php?rest_route=\/wp\/v2\/posts"}],"about":[{"href":"https:\/\/www.toque-musicall.com\/index.php?rest_route=\/wp\/v2\/types\/post"}],"author":[{"embeddable":true,"href":"https:\/\/www.toque-musicall.com\/index.php?rest_route=\/wp\/v2\/users\/1"}],"replies":[{"embeddable":true,"href":"https:\/\/www.toque-musicall.com\/index.php?rest_route=%2Fwp%2Fv2%2Fcomments&post=10632"}],"version-history":[{"count":1,"href":"https:\/\/www.toque-musicall.com\/index.php?rest_route=\/wp\/v2\/posts\/10632\/revisions"}],"predecessor-version":[{"id":10633,"href":"https:\/\/www.toque-musicall.com\/index.php?rest_route=\/wp\/v2\/posts\/10632\/revisions\/10633"}],"wp:attachment":[{"href":"https:\/\/www.toque-musicall.com\/index.php?rest_route=%2Fwp%2Fv2%2Fmedia&parent=10632"}],"wp:term":[{"taxonomy":"category","embeddable":true,"href":"https:\/\/www.toque-musicall.com\/index.php?rest_route=%2Fwp%2Fv2%2Fcategories&post=10632"},{"taxonomy":"post_tag","embeddable":true,"href":"https:\/\/www.toque-musicall.com\/index.php?rest_route=%2Fwp%2Fv2%2Ftags&post=10632"}],"curies":[{"name":"wp","href":"https:\/\/api.w.org\/{rel}","templated":true}]}}