{"id":10643,"date":"2024-08-24T18:46:26","date_gmt":"2024-08-24T21:46:26","guid":{"rendered":"https:\/\/www.toque-musicall.com\/?p=10643"},"modified":"2024-08-25T18:49:07","modified_gmt":"2024-08-25T21:49:07","slug":"trio-nago-1957","status":"publish","type":"post","link":"https:\/\/www.toque-musicall.com\/?p=10643","title":{"rendered":"Trio Nag\u00f4 (1957)"},"content":{"rendered":"\n<figure class=\"wp-block-image size-large\"><img decoding=\"async\" src=\"https:\/\/blogger.googleusercontent.com\/img\/b\/R29vZ2xl\/AVvXsEiR3Cj28tC9308f2sACJQQCTQuGD3Zr2vhlQHNbKd0wsPK3Se4vVsYqDHmFJHDvsgMDHPp4R_Upmc1qE2qQQ6N_yyTgAMRpW0xqAtbqWEp14wPKru7WPmR8wIP9L-TIkWqkyjGNxrK5jYFsLz75VG3XPo0mwczRVd-QMPHQO6GUpdD1Q8-cTh_kl65pVsX8\/w640-h630\/Capturar.JPG\" alt=\"\"\/><\/figure>\n\n\n\n<figure class=\"wp-block-image size-large\"><img decoding=\"async\" src=\"https:\/\/blogger.googleusercontent.com\/img\/b\/R29vZ2xl\/AVvXsEi_lwCKo5Tn58GFHBhgbwoI6b3j-I-QZwYRxYAMM3r0OzKnjpanmkBDaqGMuOS3Kk5scqfullitHcqDdEUES21hFs4Nf0OahlDZq68OWq9tJox-lCDnAkSL_ic4CtSBc91W8ELfQcaloLZCaLit-TlaH_vO-l-wwyc2_LM761vIgK7vaEddYjqs58hhhfjK\/w640-h630\/Capturarb.JPG\" alt=\"\"\/><\/figure>\n\n\n<p>Hoje e mais uma vez temos o prazer de apresentar Trio Nag\u00f4, grupo vocal vindo do Cear\u00e1, formado por Evaldo Gouveia, Epaminondas de Souza e M\u00e1rio Alves e quem fez muito sucesso nos anos 50, nas r\u00e1dios e casas noturnas onde se apresentavam. Tamb\u00e9m excursionaram\u00a0 pela America do Sul e Europa. Gravaram diversos discos, sendo este o primeiro lp pelo selo da RCA Victor. As m\u00fasicas contidas neste \u00e1lbum foram tamb\u00e9m lan\u00e7adas em discos de 78 rpm. Neste disco temos uma sele\u00e7\u00e3o muito boa, com temas de sucessos que agradam em cheio&#8230;<\/p>\n<div>\u00a0<\/div>\n<div>concie\u00e7\u00e3o<\/div>\n<div>saudades da bahia<\/div>\n<div>lei do tempo<\/div>\n<div>quero-te assim<\/div>\n<div>laura<\/div>\n<div>jezebel<\/div>\n<div>d\u00f4 de cotovelo<\/div>\n<div>ave maria no morro<\/div>\n<div>\u00a0<\/div>\n<div>\u00a0<\/div>\n<div>.<\/div>","protected":false},"excerpt":{"rendered":"<p>Hoje e mais uma vez temos o prazer de apresentar Trio Nag\u00f4, grupo vocal vindo do Cear\u00e1, formado por Evaldo Gouveia, Epaminondas de Souza e M\u00e1rio Alves e quem fez muito sucesso nos anos 50, nas r\u00e1dios e casas noturnas &hellip; <a href=\"https:\/\/www.toque-musicall.com\/?p=10643\">Continue lendo <span class=\"meta-nav\">&rarr;<\/span><\/a><\/p>\n","protected":false},"author":1,"featured_media":0,"comment_status":"closed","ping_status":"closed","sticky":false,"template":"","format":"standard","meta":{"footnotes":""},"categories":[1],"tags":[3061,4509],"class_list":["post-10643","post","type-post","status-publish","format-standard","hentry","category-sem-categoria","tag-selo-rca-victor","tag-trio-nago"],"_links":{"self":[{"href":"https:\/\/www.toque-musicall.com\/index.php?rest_route=\/wp\/v2\/posts\/10643","targetHints":{"allow":["GET"]}}],"collection":[{"href":"https:\/\/www.toque-musicall.com\/index.php?rest_route=\/wp\/v2\/posts"}],"about":[{"href":"https:\/\/www.toque-musicall.com\/index.php?rest_route=\/wp\/v2\/types\/post"}],"author":[{"embeddable":true,"href":"https:\/\/www.toque-musicall.com\/index.php?rest_route=\/wp\/v2\/users\/1"}],"replies":[{"embeddable":true,"href":"https:\/\/www.toque-musicall.com\/index.php?rest_route=%2Fwp%2Fv2%2Fcomments&post=10643"}],"version-history":[{"count":1,"href":"https:\/\/www.toque-musicall.com\/index.php?rest_route=\/wp\/v2\/posts\/10643\/revisions"}],"predecessor-version":[{"id":10644,"href":"https:\/\/www.toque-musicall.com\/index.php?rest_route=\/wp\/v2\/posts\/10643\/revisions\/10644"}],"wp:attachment":[{"href":"https:\/\/www.toque-musicall.com\/index.php?rest_route=%2Fwp%2Fv2%2Fmedia&parent=10643"}],"wp:term":[{"taxonomy":"category","embeddable":true,"href":"https:\/\/www.toque-musicall.com\/index.php?rest_route=%2Fwp%2Fv2%2Fcategories&post=10643"},{"taxonomy":"post_tag","embeddable":true,"href":"https:\/\/www.toque-musicall.com\/index.php?rest_route=%2Fwp%2Fv2%2Ftags&post=10643"}],"curies":[{"name":"wp","href":"https:\/\/api.w.org\/{rel}","templated":true}]}}