{"id":10645,"date":"2024-08-25T19:36:39","date_gmt":"2024-08-25T22:36:39","guid":{"rendered":"https:\/\/www.toque-musicall.com\/?p=10645"},"modified":"2024-08-25T19:36:39","modified_gmt":"2024-08-25T22:36:39","slug":"ladico-e-seu-conjunto-posto-1-ao-posto-6-1959","status":"publish","type":"post","link":"https:\/\/www.toque-musicall.com\/?p=10645","title":{"rendered":"Ladico E Seu Conjunto &#8211; Posto 1 Ao Posto 6 (1959)"},"content":{"rendered":"\n<figure class=\"wp-block-image size-large\"><img decoding=\"async\" src=\"https:\/\/blogger.googleusercontent.com\/img\/b\/R29vZ2xl\/AVvXsEip5bGyNwLrZfYZLhCvFq9YX-HGV4Ypf3rpMLjzePEYVjR73d0beUAkgyqbjOoqKZkUl5JuIQPmWlAn7jTUieJtBVzwsyeqE6pBkHxOMWouB1bhsNjrSYYFaut2KheIxA_ffgy1PBNAh5kKOVUxQzrS6ZdRP07-SXm4K_PXPRZIu6plMf5p3JJNeGQaz1iZ\/w640-h626\/capa.jpg\" alt=\"\"\/><\/figure>\n\n\n\n<figure class=\"wp-block-image size-large\"><img decoding=\"async\" src=\"https:\/\/blogger.googleusercontent.com\/img\/b\/R29vZ2xl\/AVvXsEj8uvOdpIC5wrpBzg1GCB8p3bH7iKVHX4Njs3wa6-to7QZ1O4TsB3KJQ7LwjleH6Si3cBWfejNkOLI9oGwNcqFlNw20WYsZM-tx_-62DcrezUY6FpcgF4v8Orl7vTA6W1Qvwl1qbyQb7dKsx2BDGMXf0HJTk5E3HEb7sihBnqmwdny1bgaVLyTfwuWiMMP5\/w640-h626\/contracapa.jpg\" alt=\"\"\/><\/figure>\n\n\n<div class=\"separator\">Ladico e seu conjunto, grupo instrumental surgido no final dos anos 40 e liderado pelo guitarista e compositor Geraldo da Silva (o Ladico). Tiveram destaque ao longo dos anos 50 chegando a gravar dois lps, sendo este, &#8220;Posto 1 ao Posto 6&#8221; o primeiro, lan\u00e7ado em 1959 atrav\u00e9s do selo Todamerica. Um lp cujo o repert\u00f3rio passeia por um grupo de m\u00fasicas bem selecionadas entre sambas, choros, fox e boleros daquele momento. Vale a pena conferir&#8230;<\/div>\n<div class=\"separator\">\u00a0<\/div>\n<div class=\"separator\">lamento<\/div>\n<div class=\"separator\">mil recados<\/div>\n<div class=\"separator\">a fonte secou<\/div>\n<div class=\"separator\">ladico no choro<\/div>\n<div class=\"separator\">jogando sozinho<\/div>\n<div class=\"separator\">chiquito<\/div>\n<div class=\"separator\">le regazze di piazza spagna<\/div>\n<div class=\"separator\">gondolier (with all my heart)<\/div>\n<div class=\"separator\">sereno<\/div>\n<div class=\"separator\">johnny guitar<\/div>\n<div class=\"separator\">all the way<\/div>\n<div class=\"separator\">cry me a river<\/div>\n<div class=\"separator\">\u00a0<\/div>\n<div class=\"separator\">.<\/div>","protected":false},"excerpt":{"rendered":"<p>Ladico e seu conjunto, grupo instrumental surgido no final dos anos 40 e liderado pelo guitarista e compositor Geraldo da Silva (o Ladico). Tiveram destaque ao longo dos anos 50 chegando a gravar dois lps, sendo este, &#8220;Posto 1 ao &hellip; <a href=\"https:\/\/www.toque-musicall.com\/?p=10645\">Continue lendo <span class=\"meta-nav\">&rarr;<\/span><\/a><\/p>\n","protected":false},"author":1,"featured_media":0,"comment_status":"closed","ping_status":"closed","sticky":false,"template":"","format":"standard","meta":{"footnotes":""},"categories":[1],"tags":[5742,5573],"class_list":["post-10645","post","type-post","status-publish","format-standard","hentry","category-sem-categoria","tag-ladico-e-seu-conjunto","tag-selo-todamerica-3"],"_links":{"self":[{"href":"https:\/\/www.toque-musicall.com\/index.php?rest_route=\/wp\/v2\/posts\/10645","targetHints":{"allow":["GET"]}}],"collection":[{"href":"https:\/\/www.toque-musicall.com\/index.php?rest_route=\/wp\/v2\/posts"}],"about":[{"href":"https:\/\/www.toque-musicall.com\/index.php?rest_route=\/wp\/v2\/types\/post"}],"author":[{"embeddable":true,"href":"https:\/\/www.toque-musicall.com\/index.php?rest_route=\/wp\/v2\/users\/1"}],"replies":[{"embeddable":true,"href":"https:\/\/www.toque-musicall.com\/index.php?rest_route=%2Fwp%2Fv2%2Fcomments&post=10645"}],"version-history":[{"count":1,"href":"https:\/\/www.toque-musicall.com\/index.php?rest_route=\/wp\/v2\/posts\/10645\/revisions"}],"predecessor-version":[{"id":10646,"href":"https:\/\/www.toque-musicall.com\/index.php?rest_route=\/wp\/v2\/posts\/10645\/revisions\/10646"}],"wp:attachment":[{"href":"https:\/\/www.toque-musicall.com\/index.php?rest_route=%2Fwp%2Fv2%2Fmedia&parent=10645"}],"wp:term":[{"taxonomy":"category","embeddable":true,"href":"https:\/\/www.toque-musicall.com\/index.php?rest_route=%2Fwp%2Fv2%2Fcategories&post=10645"},{"taxonomy":"post_tag","embeddable":true,"href":"https:\/\/www.toque-musicall.com\/index.php?rest_route=%2Fwp%2Fv2%2Ftags&post=10645"}],"curies":[{"name":"wp","href":"https:\/\/api.w.org\/{rel}","templated":true}]}}