{"id":10647,"date":"2024-08-26T18:08:07","date_gmt":"2024-08-26T21:08:07","guid":{"rendered":"https:\/\/www.toque-musicall.com\/?p=10647"},"modified":"2024-08-27T18:10:17","modified_gmt":"2024-08-27T21:10:17","slug":"octacilio-amaral-s-excia-o-violao-1968","status":"publish","type":"post","link":"https:\/\/www.toque-musicall.com\/?p=10647","title":{"rendered":"Octac\u00edlio Amaral &#8211; S. Excia. O Viol\u00e3o (1968)"},"content":{"rendered":"\n<figure class=\"wp-block-image size-large\"><img decoding=\"async\" src=\"https:\/\/blogger.googleusercontent.com\/img\/b\/R29vZ2xl\/AVvXsEiIJwQIoYJP2ggdiNr0WadV_cYd4rDrPf0_jcUvl_zdECJvpkNI0FaL4NufUdJa4B7Xht2Xc1NhQPOSTs-WdfP0ge5fniOVe348L7xUbopwSTMsJ2tKElhhx7g2UHO7VwPHSyp49GYD73wXBceTmggUp6kLtoPL5wuRNhIJ2Xh_75HqHNfjAGBx37HTfdD-\/w640-h622\/capa.jpg\" alt=\"\"\/><\/figure>\n\n\n\n<figure class=\"wp-block-image size-large\"><img decoding=\"async\" src=\"https:\/\/blogger.googleusercontent.com\/img\/b\/R29vZ2xl\/AVvXsEiZPCRDXaa1qoZbse1oTfg06te2VHNs0QuAqJi0UN6phsk3vPhwQOUApfHz-YZ3SlHm5TjAcM3KVBcRnkKmmqpUiDLdGYmmvBom_84bukOvM_m5K_Mmlq-6umrpgIXuT6GVSWAI3uWb3XVSL1K4hqCG3m1-LMYyMcnGoJClJZ3R4qdn4ve4cJs31YKWYESb\/w636-h640\/contracapa.jpg\" alt=\"\"\/><\/figure>\n\n\n<div class=\"separator\">Mais uma boa curiosidade fonomusical temos hoje. Trazemos o violonista ga\u00facho Octac\u00edlio Amaral em seu primeiro lp, &#8220;S. Excia. O Viol\u00e3o. Um disco da melhor qualidade e que por certo merece o nosso toque musical. A sele\u00e7\u00e3o do repert\u00f3rio, bem variada, refor\u00e7a a versatilidade deste m\u00fasico. Como ele mesmo nos atenta, duas faixas chamam bem a aten\u00e7\u00e3o: &#8220;Apanhei-te cavaquinho&#8221;, que pela primeira vez foi gravado em viol\u00e3o e dedilhado, sem palheta. Ficou bem diferente. Outra \u00e9 a faixa &#8220;Pra\u00e7a 11&#8221;, onde Octac\u00edlio d\u00e1 um verdadeiro show tirando efeitos \u00fanicos em seu viol\u00e3o. Muito bom, vale a pena conferir&#8230;<\/div>\n<div class=\"separator\">\u00a0<\/div>\n<div class=\"separator\">pra\u00e7a 11<\/div>\n<div class=\"separator\">evoca\u00e7\u00e3o n\u00ba1<\/div>\n<div class=\"separator\">mis noches sin ti<\/div>\n<div class=\"separator\">bai\u00e3o<\/div>\n<div class=\"separator\">um fandanto em bag\u00e9<\/div>\n<div class=\"separator\">la cumparsita<\/div>\n<div class=\"separator\">morena boca de ouro<\/div>\n<div class=\"separator\">la morena de mi copla<\/div>\n<div class=\"separator\">recuerdos de ti<\/div>\n<div class=\"separator\">apanhei-te cavaquinho<\/div>\n<div class=\"separator\">granada<\/div>\n<div class=\"separator\">samba de uma nota s\u00f3 &#8211; medita\u00e7\u00e3o<\/div>\n<div class=\"separator\">\u00a0<\/div>\n<div class=\"separator\">\u00a0<\/div>\n<div class=\"separator\">\u00a0<\/div>\n<div class=\"separator\">\u00a0<\/div>\n<div class=\"separator\">\u00a0<\/div>","protected":false},"excerpt":{"rendered":"<p>Mais uma boa curiosidade fonomusical temos hoje. Trazemos o violonista ga\u00facho Octac\u00edlio Amaral em seu primeiro lp, &#8220;S. Excia. O Viol\u00e3o. Um disco da melhor qualidade e que por certo merece o nosso toque musical. A sele\u00e7\u00e3o do repert\u00f3rio, bem &hellip; <a href=\"https:\/\/www.toque-musicall.com\/?p=10647\">Continue lendo <span class=\"meta-nav\">&rarr;<\/span><\/a><\/p>\n","protected":false},"author":1,"featured_media":0,"comment_status":"closed","ping_status":"closed","sticky":false,"template":"","format":"standard","meta":{"footnotes":""},"categories":[1],"tags":[5743,3076],"class_list":["post-10647","post","type-post","status-publish","format-standard","hentry","category-sem-categoria","tag-octacilio-amaral","tag-selo-mocambo"],"_links":{"self":[{"href":"https:\/\/www.toque-musicall.com\/index.php?rest_route=\/wp\/v2\/posts\/10647","targetHints":{"allow":["GET"]}}],"collection":[{"href":"https:\/\/www.toque-musicall.com\/index.php?rest_route=\/wp\/v2\/posts"}],"about":[{"href":"https:\/\/www.toque-musicall.com\/index.php?rest_route=\/wp\/v2\/types\/post"}],"author":[{"embeddable":true,"href":"https:\/\/www.toque-musicall.com\/index.php?rest_route=\/wp\/v2\/users\/1"}],"replies":[{"embeddable":true,"href":"https:\/\/www.toque-musicall.com\/index.php?rest_route=%2Fwp%2Fv2%2Fcomments&post=10647"}],"version-history":[{"count":1,"href":"https:\/\/www.toque-musicall.com\/index.php?rest_route=\/wp\/v2\/posts\/10647\/revisions"}],"predecessor-version":[{"id":10648,"href":"https:\/\/www.toque-musicall.com\/index.php?rest_route=\/wp\/v2\/posts\/10647\/revisions\/10648"}],"wp:attachment":[{"href":"https:\/\/www.toque-musicall.com\/index.php?rest_route=%2Fwp%2Fv2%2Fmedia&parent=10647"}],"wp:term":[{"taxonomy":"category","embeddable":true,"href":"https:\/\/www.toque-musicall.com\/index.php?rest_route=%2Fwp%2Fv2%2Fcategories&post=10647"},{"taxonomy":"post_tag","embeddable":true,"href":"https:\/\/www.toque-musicall.com\/index.php?rest_route=%2Fwp%2Fv2%2Ftags&post=10647"}],"curies":[{"name":"wp","href":"https:\/\/api.w.org\/{rel}","templated":true}]}}