{"id":1065,"date":"2009-10-04T10:48:00","date_gmt":"2009-10-04T10:48:00","guid":{"rendered":"http:\/\/www.toque-musicall.com\/?p=1065"},"modified":"2009-10-04T10:48:00","modified_gmt":"2009-10-04T10:48:00","slug":"paraguassu-cancoes-de-amor-1970","status":"publish","type":"post","link":"https:\/\/www.toque-musicall.com\/?p=1065","title":{"rendered":"Paraguassu &#8211; Can\u00e7\u00f5es De Amor (1970)"},"content":{"rendered":"<p><a href=\"http:\/\/4.bp.blogspot.com\/_DSKVEvHtskc\/Ssh92Lw9EiI\/AAAAAAAAFb8\/2Xq7f-VePrQ\/s1600-h\/paraguassu+P.JPG\"><img decoding=\"async\" style=\"display:block; margin:0px auto 10px; text-align:center;cursor:pointer; cursor:hand;width: 399px; height: 400px;\" src=\"http:\/\/4.bp.blogspot.com\/_DSKVEvHtskc\/Ssh92Lw9EiI\/AAAAAAAAFb8\/2Xq7f-VePrQ\/s400\/paraguassu+P.JPG\" border=\"0\" alt=\"\" id=\"BLOGGER_PHOTO_ID_5388695323973325346\" \/><\/a>Ol\u00e1! Ontem tivemos um dia cheio. Teve Baden Powell e antes que o dia findasse eu ainda postei um Orlando Silva, homenageando o artista na data de seu nascimento. Eu havia me esquecido&#8230; Como dizem, a pressa \u00e9 a inimiga da perfei\u00e7\u00e3o e tanto ontem como hoje eu estou correndo contra o tempo. Perfeccionistas de plant\u00e3o, queiram me perdoar! Fim de semana trabalhando, como diz a minha empregada, ningu\u00e9m merece!<\/p>\n<div>Para o nosso domingo ficar com um gostinho das antigas serestas, tenho aqui um artista pouco lembrado nos dias de hoje. Trago para voc\u00eas o cantor e compositor conhecido como o &#8220;Cantor das noites enluaradas&#8221;, o Paraguassu. Filho de imigrantes italianos, seu nome verdadeiro era Roque Ricciardi. N\u00e3o sei ao certo se ele nasceu na It\u00e1lia ou na capital paulista, mas no in\u00edcio de carreira era ironicamente chamado de &#8220;o italianinho do Br\u00e1s&#8221;, embora s\u00f3 cantasse m\u00fasica brasileira. Por isso, resolveu mudar o nome art\u00edstico para Paraguassu, uma palavra essencialmente brasileira. Podemos encontrar seu nome escrito com c\u00ea cedilha, mas o certo (n\u00e9 n\u00e3o, Pasquale?) \u00e9 com dois esses \ud83d\ude42  Paraguassu foi um dos cantores\/compositores mais populares do in\u00edcio do s\u00e9culo passado. Comp\u00f4s e gravou centenas de m\u00fasicas, muitas bastante conhecidas e lembradas at\u00e9 os anos 60. Da\u00ed para frente seu nome caiu no esquecimento, como de certa forma vem acontecendo com a m\u00fasica de seresta. Tem gente que pensa que a m\u00fasica popular brasileira se resume ao samba e bossa nova. G\u00eaneros como a valsa, a seresta, a toada e tantos outros precisam ser relembrados (isso para n\u00e3o falar dos regionais e folcl\u00f3ricos). Ta\u00ed um desafio, gostaria de ver uma releitura moderna desses tipos de m\u00fasica. Acho que as novas gera\u00e7\u00f5es (na qual eu tamb\u00e9m me incluo, porque n\u00e3o) est\u00e3o mais interessadas em g\u00eaneros que mexem mais com o corpo do que com esp\u00edrito (o esp\u00edrito da coisa).<\/div>\n<div>&#8220;Can\u00e7\u00f5es de Amor&#8221; foi um \u00e1lbum gravado no final dos anos 60 para o selo Premier da Fermata, onde o artista registrou alguns de seus maiores sucessos, acompanhado pelo Regional de Carlinhos Mafasoli. Confiram a\u00ed este toque, pois como este \u00e9 dif\u00edcil de achar.<\/div>\n<div><\/div>\n<div style=\"text-align: center;\">can\u00e7\u00e3o de amor<\/div>\n<div style=\"text-align: center;\">luar do sert\u00e3o<\/div>\n<div style=\"text-align: center;\">talento e formusura<\/div>\n<div style=\"text-align: center;\">ontem ao luar<\/div>\n<div style=\"text-align: center;\">u poeta du sert\u00e3o<\/div>\n<div style=\"text-align: center;\">os teus olhos<\/div>\n<div style=\"text-align: center;\">reconcilia\u00e7\u00e3o<\/div>\n<div style=\"text-align: center;\">mentirosa<\/div>\n<div style=\"text-align: center;\">perd\u00e3o em\u00edlia<\/div>\n<div style=\"text-align: center;\">amar em segredo<\/div>\n<div style=\"text-align: center;\"><\/div>\n<div style=\"text-align: center;\"><\/div>\n","protected":false},"excerpt":{"rendered":"<p>Ol\u00e1! Ontem tivemos um dia cheio. Teve Baden Powell e antes que o dia findasse eu ainda postei um Orlando Silva, homenageando o artista na data de seu nascimento. Eu havia me esquecido&#8230; Como dizem, a pressa \u00e9 a inimiga &hellip; <a href=\"https:\/\/www.toque-musicall.com\/?p=1065\">Continue lendo <span class=\"meta-nav\">&rarr;<\/span><\/a><\/p>\n","protected":false},"author":1,"featured_media":0,"comment_status":"open","ping_status":"closed","sticky":false,"template":"","format":"standard","meta":{"footnotes":""},"categories":[1354],"tags":[],"class_list":["post-1065","post","type-post","status-publish","format-standard","hentry","category-paraguassu"],"_links":{"self":[{"href":"https:\/\/www.toque-musicall.com\/index.php?rest_route=\/wp\/v2\/posts\/1065","targetHints":{"allow":["GET"]}}],"collection":[{"href":"https:\/\/www.toque-musicall.com\/index.php?rest_route=\/wp\/v2\/posts"}],"about":[{"href":"https:\/\/www.toque-musicall.com\/index.php?rest_route=\/wp\/v2\/types\/post"}],"author":[{"embeddable":true,"href":"https:\/\/www.toque-musicall.com\/index.php?rest_route=\/wp\/v2\/users\/1"}],"replies":[{"embeddable":true,"href":"https:\/\/www.toque-musicall.com\/index.php?rest_route=%2Fwp%2Fv2%2Fcomments&post=1065"}],"version-history":[{"count":0,"href":"https:\/\/www.toque-musicall.com\/index.php?rest_route=\/wp\/v2\/posts\/1065\/revisions"}],"wp:attachment":[{"href":"https:\/\/www.toque-musicall.com\/index.php?rest_route=%2Fwp%2Fv2%2Fmedia&parent=1065"}],"wp:term":[{"taxonomy":"category","embeddable":true,"href":"https:\/\/www.toque-musicall.com\/index.php?rest_route=%2Fwp%2Fv2%2Fcategories&post=1065"},{"taxonomy":"post_tag","embeddable":true,"href":"https:\/\/www.toque-musicall.com\/index.php?rest_route=%2Fwp%2Fv2%2Ftags&post=1065"}],"curies":[{"name":"wp","href":"https:\/\/api.w.org\/{rel}","templated":true}]}}