{"id":10653,"date":"2024-08-29T20:10:19","date_gmt":"2024-08-29T23:10:19","guid":{"rendered":"https:\/\/www.toque-musicall.com\/?p=10653"},"modified":"2024-08-29T20:10:19","modified_gmt":"2024-08-29T23:10:19","slug":"paschoal-melillo-dance-com-paschoal-melillo-1956","status":"publish","type":"post","link":"https:\/\/www.toque-musicall.com\/?p=10653","title":{"rendered":"Paschoal Melillo &#8211; Dance Com Paschoal Melillo (1956)"},"content":{"rendered":"\n<figure class=\"wp-block-image size-large\"><img decoding=\"async\" src=\"https:\/\/blogger.googleusercontent.com\/img\/b\/R29vZ2xl\/AVvXsEjWBUuDUPeVaU8GHNAJDGFD6QegRxGtQ1tHo3ReEazYS8kku5namQDA3B3D2bIKBOVBLu2DjA5B6ZxVGOefrvfnp96GJaYwZrBM_yTn5evwuJt0NyKazQnAhoImwsqvUptis9EwB8i2IcXKkOue-NsFsA39m5-kQqJPeIbfDHOxNiqN-Hs2-FUKSEczu1i8\/w640-h626\/Capturar.JPG\" alt=\"\"\/><\/figure>\n\n\n\n<figure class=\"wp-block-image size-large\"><img decoding=\"async\" src=\"https:\/\/blogger.googleusercontent.com\/img\/b\/R29vZ2xl\/AVvXsEgWw4mlVI6v8816n5gdsvQ0PC24ixG0jQsuZPHjfekljme1ItTQZ29-HCugdFLCwdLpk_aQibLbgAVWpKiCM0C5KXtEFPVv3JZlGt8Hx_zMNzfA-wXtl94dUa1sZNVYbDFHXjopK7y53sIUrvmxs0YxoDJqSPlILpL-y6i2nhnsGR00gHWMTkkOSi-MbAue\/w640-h630\/Capturarb.JPG\" alt=\"\"\/><\/figure>\n\n\n<div class=\"separator\">Aqui temos Paschoal Melillo, instumentista (acordeon, piano e sax) que atuou dos anos 30 aos 60. Considerado o primeiro paulista a tocar bai\u00e3o. Tocou em cassinos e nas r\u00e1dios. Gravou seus primeiros discos nos anos 50. Este lp de dez polegadas apresenta m\u00fasicas lan\u00e7adas na \u00e9poca tamb\u00e9m em discos de 78 rpm. Neste lp temos Paschoal Melillo esbanjando talento ao saxofone nas quatro primeiras faixas. No outro lado do disco temos o compositor e acordeonista. Quatro faixas autorais, desta vez com Melillo no acordeon. Disco que vale a pena ouvir&#8230;<\/div>\n<div class=\"separator\">\u00a0<\/div>\n<div class=\"separator\">esmagando rosas<\/div>\n<div class=\"separator\">tortura da saudade<\/div>\n<div class=\"separator\">c\u00e9u cor de rosa<\/div>\n<div class=\"separator\">a voz do viol\u00e3o<\/div>\n<div class=\"separator\">cuco<\/div>\n<div class=\"separator\">carrilh\u00e3o<\/div>\n<div class=\"separator\">ciganinha<\/div>\n<div class=\"separator\">gracioso<\/div>\n<div class=\"separator\">\u00a0<\/div>\n<div class=\"separator\">\u00a0<\/div>\n<div class=\"separator\">.<\/div>","protected":false},"excerpt":{"rendered":"<p>Aqui temos Paschoal Melillo, instumentista (acordeon, piano e sax) que atuou dos anos 30 aos 60. Considerado o primeiro paulista a tocar bai\u00e3o. Tocou em cassinos e nas r\u00e1dios. Gravou seus primeiros discos nos anos 50. Este lp de dez &hellip; <a href=\"https:\/\/www.toque-musicall.com\/?p=10653\">Continue lendo <span class=\"meta-nav\">&rarr;<\/span><\/a><\/p>\n","protected":false},"author":1,"featured_media":0,"comment_status":"closed","ping_status":"closed","sticky":false,"template":"","format":"standard","meta":{"footnotes":""},"categories":[1],"tags":[5745,3108],"class_list":["post-10653","post","type-post","status-publish","format-standard","hentry","category-sem-categoria","tag-paschoal-melillo","tag-selo-copacabana"],"_links":{"self":[{"href":"https:\/\/www.toque-musicall.com\/index.php?rest_route=\/wp\/v2\/posts\/10653","targetHints":{"allow":["GET"]}}],"collection":[{"href":"https:\/\/www.toque-musicall.com\/index.php?rest_route=\/wp\/v2\/posts"}],"about":[{"href":"https:\/\/www.toque-musicall.com\/index.php?rest_route=\/wp\/v2\/types\/post"}],"author":[{"embeddable":true,"href":"https:\/\/www.toque-musicall.com\/index.php?rest_route=\/wp\/v2\/users\/1"}],"replies":[{"embeddable":true,"href":"https:\/\/www.toque-musicall.com\/index.php?rest_route=%2Fwp%2Fv2%2Fcomments&post=10653"}],"version-history":[{"count":1,"href":"https:\/\/www.toque-musicall.com\/index.php?rest_route=\/wp\/v2\/posts\/10653\/revisions"}],"predecessor-version":[{"id":10654,"href":"https:\/\/www.toque-musicall.com\/index.php?rest_route=\/wp\/v2\/posts\/10653\/revisions\/10654"}],"wp:attachment":[{"href":"https:\/\/www.toque-musicall.com\/index.php?rest_route=%2Fwp%2Fv2%2Fmedia&parent=10653"}],"wp:term":[{"taxonomy":"category","embeddable":true,"href":"https:\/\/www.toque-musicall.com\/index.php?rest_route=%2Fwp%2Fv2%2Fcategories&post=10653"},{"taxonomy":"post_tag","embeddable":true,"href":"https:\/\/www.toque-musicall.com\/index.php?rest_route=%2Fwp%2Fv2%2Ftags&post=10653"}],"curies":[{"name":"wp","href":"https:\/\/api.w.org\/{rel}","templated":true}]}}