{"id":10661,"date":"2024-09-02T19:41:20","date_gmt":"2024-09-02T22:41:20","guid":{"rendered":"https:\/\/www.toque-musicall.com\/?p=10661"},"modified":"2024-09-04T19:43:58","modified_gmt":"2024-09-04T22:43:58","slug":"aguilar-e-banda-performatica-1981","status":"publish","type":"post","link":"https:\/\/www.toque-musicall.com\/?p=10661","title":{"rendered":"Aguilar E Banda Perform\u00e1tica (1981)"},"content":{"rendered":"\n<figure class=\"wp-block-image size-large\"><img decoding=\"async\" src=\"https:\/\/blogger.googleusercontent.com\/img\/b\/R29vZ2xl\/AVvXsEi2Kfu6j5IPb8FKKs_5V4IRfdfxjdNOyxFs0MIKzK1cCucgIA17EQgN2p3tHWatcFYD3AjdPYhAMZQsLg02kN3idUmvX8kltOGCsFPpOYxuz6q4dLsri0tvxsaf061zPh2g_NHWy09pVohkhdixhVMOzywkAawhuEGbL1KLPUOsgNK3NSwYKyfOPjVCefuC\/w632-h640\/Capturar.JPG\" alt=\"\"\/><\/figure>\n\n\n\n<figure class=\"wp-block-image size-large\"><img decoding=\"async\" src=\"https:\/\/blogger.googleusercontent.com\/img\/b\/R29vZ2xl\/AVvXsEhbp2fBaL4yYH2yok83cnorEdyQvhxL3mjnMgFWQtr37crWZiGcdMFQN9Wj9JEkWg7hjDGyoLzYw7wAJZGMhbwdh67DqTQycyh1vC7MDRR3N4WYmNEo88JdjMEZwi7MD4fmd7MPaC61PJcM4RHmYma9hmSlBG_auGYRQBVN3M0lajVSWoigakksFtHv-Yzr\/w632-h640\/Capturarb.JPG\" alt=\"\"\/><\/figure>\n\n\n\n<figure class=\"wp-block-image size-large\"><img decoding=\"async\" src=\"https:\/\/blogger.googleusercontent.com\/img\/b\/R29vZ2xl\/AVvXsEiwdfPxqu9R4eyW4DmIjPDFY2g-IliaLiFqQEgpcqqH35JViOkdHoUcin_OGpQaZknIQPJ9ImnkUSvo_P5E1ex7kLIJnZumNVw8JBufzPNNBRLjRBrjudOXc23pYJ2uUXogR_qY1kAl3BL0nSs6NVB1HBwoQM0gZD1NMpR1qntlZ9F3FH6HBxc10yRbxMpb\/w640-h640\/Capturarbb.JPG\" alt=\"\"\/><\/figure>\n\n\n<div class=\"separator\">E para hoje temos Aguilar e Banda Perform\u00e1tica. Um disco de artista para artistas. Uma proposta poetica visual e musical criada em no in\u00edcio dos anos 80 pelo artista Jos\u00e9 Roberto Aguilar. Segundo ele, &#8220;foi uma ep\u00e9cie de \u00edcone transgressivo que aconteceu na contracultura daquele momento. Fundada por (ele) um pintor perform\u00e1tico que n\u00e3o sabia nem cantar&#8230;&#8221; Reunindo uma turma de jovens amigos (Arnaldo Antunes, Paulo Miklos, Lanny Gordin e outros&#8230;) E assim nascia a Banda Perform\u00e1tica e este lp, produ\u00e7\u00e3o independente e por essas e outras, tamb\u00e9m um disco raro. Aguilar daria sequencia a banda que mais tarde se tornaria a Orquestra Perfom\u00e1tica e depois, mais uma vez, Banda Perform\u00e1tica. Este lp recebeu uma segunda edi\u00e7\u00e3o com uma capa um pouco diferente. Aguilar gravou outros discos com sua Banda Perform\u00e1tica com outras forma\u00e7\u00f5es. Vale a pena conhecer&#8230;<\/div>\n<div class=\"separator\">\u00a0<\/div>\n<div class=\"separator\">voc\u00ea escolhe errado o seu super her\u00f3i<\/div>\n<div class=\"separator\">carioca canibal<\/div>\n<div class=\"separator\">monsieur duchamp<\/div>\n<div class=\"separator\">revolu\u00e7\u00e3o francesa<\/div>\n<div class=\"separator\">tribo<\/div>\n<div class=\"separator\">ma<\/div>\n<div class=\"separator\">nos espancaremos o urubu<\/div>\n<div class=\"separator\">estranheza<\/div>\n<div class=\"separator\">parangol\u00e9<\/div>\n<div class=\"separator\">\u00a0<\/div>\n<div class=\"separator\">\u00a0<\/div>\n<div class=\"separator\">\u00a0<\/div>\n<div class=\"separator\">.<\/div>","protected":false},"excerpt":{"rendered":"<p>E para hoje temos Aguilar e Banda Perform\u00e1tica. Um disco de artista para artistas. Uma proposta poetica visual e musical criada em no in\u00edcio dos anos 80 pelo artista Jos\u00e9 Roberto Aguilar. Segundo ele, &#8220;foi uma ep\u00e9cie de \u00edcone transgressivo &hellip; <a href=\"https:\/\/www.toque-musicall.com\/?p=10661\">Continue lendo <span class=\"meta-nav\">&rarr;<\/span><\/a><\/p>\n","protected":false},"author":1,"featured_media":0,"comment_status":"closed","ping_status":"closed","sticky":false,"template":"","format":"standard","meta":{"footnotes":""},"categories":[1],"tags":[5748,3017],"class_list":["post-10661","post","type-post","status-publish","format-standard","hentry","category-sem-categoria","tag-aguilar-e-banda-performatica","tag-selo-independente"],"_links":{"self":[{"href":"https:\/\/www.toque-musicall.com\/index.php?rest_route=\/wp\/v2\/posts\/10661","targetHints":{"allow":["GET"]}}],"collection":[{"href":"https:\/\/www.toque-musicall.com\/index.php?rest_route=\/wp\/v2\/posts"}],"about":[{"href":"https:\/\/www.toque-musicall.com\/index.php?rest_route=\/wp\/v2\/types\/post"}],"author":[{"embeddable":true,"href":"https:\/\/www.toque-musicall.com\/index.php?rest_route=\/wp\/v2\/users\/1"}],"replies":[{"embeddable":true,"href":"https:\/\/www.toque-musicall.com\/index.php?rest_route=%2Fwp%2Fv2%2Fcomments&post=10661"}],"version-history":[{"count":1,"href":"https:\/\/www.toque-musicall.com\/index.php?rest_route=\/wp\/v2\/posts\/10661\/revisions"}],"predecessor-version":[{"id":10662,"href":"https:\/\/www.toque-musicall.com\/index.php?rest_route=\/wp\/v2\/posts\/10661\/revisions\/10662"}],"wp:attachment":[{"href":"https:\/\/www.toque-musicall.com\/index.php?rest_route=%2Fwp%2Fv2%2Fmedia&parent=10661"}],"wp:term":[{"taxonomy":"category","embeddable":true,"href":"https:\/\/www.toque-musicall.com\/index.php?rest_route=%2Fwp%2Fv2%2Fcategories&post=10661"},{"taxonomy":"post_tag","embeddable":true,"href":"https:\/\/www.toque-musicall.com\/index.php?rest_route=%2Fwp%2Fv2%2Ftags&post=10661"}],"curies":[{"name":"wp","href":"https:\/\/api.w.org\/{rel}","templated":true}]}}