{"id":10665,"date":"2024-09-04T19:47:40","date_gmt":"2024-09-04T22:47:40","guid":{"rendered":"https:\/\/www.toque-musicall.com\/?p=10665"},"modified":"2024-09-04T19:47:40","modified_gmt":"2024-09-04T22:47:40","slug":"dalto-em-espanhol-1984","status":"publish","type":"post","link":"https:\/\/www.toque-musicall.com\/?p=10665","title":{"rendered":"Dalto &#8211; Em Espanhol (1984)"},"content":{"rendered":"\n<figure class=\"wp-block-image size-large\"><img decoding=\"async\" src=\"https:\/\/blogger.googleusercontent.com\/img\/b\/R29vZ2xl\/AVvXsEhspk0L_er1X_z5NZZzhWt9zU0Zo7uX5-wm8q4MiuBczX5KJu9Cj8v720g0ONZu2LsAgF20yMXeCittWeNK6RY8Uz7LR_GIs3cFpX9bwLHT-K_uHtDDyFow3HnOCn1WKVAbOk4MxYeEjJ5hpwrumH0Ji0fNEu-gYBVQyWoNxrxaFu1hVHcHiATch3nAfhfl\/w632-h640\/Capturar.JPG\" alt=\"\"\/><\/figure>\n\n\n\n<figure class=\"wp-block-image size-large\"><img decoding=\"async\" src=\"https:\/\/blogger.googleusercontent.com\/img\/b\/R29vZ2xl\/AVvXsEg_E12zHmIoQFBjQg1O_OGikmtimSnbdoDOfa5ecN2I1J2zrh1cJjQo_teS7wXzpWUi82fwk0jIu8LiilVTvi6GiPJ6k26XShHzDJgpTV3BxtaN5llEPIzuaMLGwoCxJ4niMd4s3fjjCdTvJgq40U3iY1Vvrp_HA-h3VA51K-xOXkd0ex-eQIt0HtvQCeJi\/w640-h628\/Capturarb.JPG\" alt=\"\"\/><\/figure>\n\n\n<div class=\"separator\">Mais uma boa curiosidade nos espera&#8230; Desta vez temos o cantor e compositor Dalto em um disco que fez muito sucesso&#8230; Bom, pelo menos \u00e9 o que parece quando olhamos a capa. Por\u00e9m este n\u00e3o \u00e9 o lp &#8220;Pessoa&#8221;, lan\u00e7ado em 1983. Este aqui \u00e9 um disco com a mesma capa, por\u00e9m, uma colet\u00e2nea com alguns de seus sucessos em espanhol. Seria de se supor que fosse para o mercado internacional, por\u00e9m, este disco foi tamb\u00e9m lan\u00e7ado no Brasil. Curiosidades&#8230;<\/div>\n<div class=\"separator\">\u00a0<\/div>\n<div class=\"separator\">saber de ti<\/div>\n<div class=\"separator\">algo extra\u00f1o<\/div>\n<div class=\"separator\">angel<\/div>\n<div class=\"separator\">te falta decir<\/div>\n<div class=\"separator\">flashback<\/div>\n<div class=\"separator\">piernas para volar<\/div>\n<div class=\"separator\">puedes disponer de mi<\/div>\n<div class=\"separator\">relax<\/div>\n<div class=\"separator\">luz de velas<\/div>\n<div class=\"separator\">\u00a0<\/div>\n<div class=\"separator\">\u00a0<\/div>\n<div class=\"separator\">.<\/div>","protected":false},"excerpt":{"rendered":"<p>Mais uma boa curiosidade nos espera&#8230; Desta vez temos o cantor e compositor Dalto em um disco que fez muito sucesso&#8230; Bom, pelo menos \u00e9 o que parece quando olhamos a capa. Por\u00e9m este n\u00e3o \u00e9 o lp &#8220;Pessoa&#8221;, lan\u00e7ado &hellip; <a href=\"https:\/\/www.toque-musicall.com\/?p=10665\">Continue lendo <span class=\"meta-nav\">&rarr;<\/span><\/a><\/p>\n","protected":false},"author":1,"featured_media":0,"comment_status":"closed","ping_status":"closed","sticky":false,"template":"","format":"standard","meta":{"footnotes":""},"categories":[1],"tags":[5749,3639],"class_list":["post-10665","post","type-post","status-publish","format-standard","hentry","category-sem-categoria","tag-dalto","tag-selo-emi"],"_links":{"self":[{"href":"https:\/\/www.toque-musicall.com\/index.php?rest_route=\/wp\/v2\/posts\/10665","targetHints":{"allow":["GET"]}}],"collection":[{"href":"https:\/\/www.toque-musicall.com\/index.php?rest_route=\/wp\/v2\/posts"}],"about":[{"href":"https:\/\/www.toque-musicall.com\/index.php?rest_route=\/wp\/v2\/types\/post"}],"author":[{"embeddable":true,"href":"https:\/\/www.toque-musicall.com\/index.php?rest_route=\/wp\/v2\/users\/1"}],"replies":[{"embeddable":true,"href":"https:\/\/www.toque-musicall.com\/index.php?rest_route=%2Fwp%2Fv2%2Fcomments&post=10665"}],"version-history":[{"count":1,"href":"https:\/\/www.toque-musicall.com\/index.php?rest_route=\/wp\/v2\/posts\/10665\/revisions"}],"predecessor-version":[{"id":10666,"href":"https:\/\/www.toque-musicall.com\/index.php?rest_route=\/wp\/v2\/posts\/10665\/revisions\/10666"}],"wp:attachment":[{"href":"https:\/\/www.toque-musicall.com\/index.php?rest_route=%2Fwp%2Fv2%2Fmedia&parent=10665"}],"wp:term":[{"taxonomy":"category","embeddable":true,"href":"https:\/\/www.toque-musicall.com\/index.php?rest_route=%2Fwp%2Fv2%2Fcategories&post=10665"},{"taxonomy":"post_tag","embeddable":true,"href":"https:\/\/www.toque-musicall.com\/index.php?rest_route=%2Fwp%2Fv2%2Ftags&post=10665"}],"curies":[{"name":"wp","href":"https:\/\/api.w.org\/{rel}","templated":true}]}}