{"id":10670,"date":"2024-09-06T21:07:04","date_gmt":"2024-09-07T00:07:04","guid":{"rendered":"https:\/\/www.toque-musicall.com\/?p=10670"},"modified":"2024-09-06T21:07:04","modified_gmt":"2024-09-07T00:07:04","slug":"sergio-mendes-brasil-77-raizes-1972","status":"publish","type":"post","link":"https:\/\/www.toque-musicall.com\/?p=10670","title":{"rendered":"S\u00e9rgio Mendes &amp; Brasil &#8217;77 &#8211; Raizes (1972)\u00a0"},"content":{"rendered":"\n<figure class=\"wp-block-image size-large\"><img decoding=\"async\" src=\"https:\/\/blogger.googleusercontent.com\/img\/b\/R29vZ2xl\/AVvXsEiQlYtaAAJDYCCJ3ey01j7JFsQ_3eE1ZxN2235FZYK_4Y3rfdqvDs-B3yDL9x-QcVmAcSJNpxu6mUL8UVgZI2J4sZd_8p2YdZCfjQJJ07ylop0MUOysp3-Wu4zfVtKa1gqAo0wbH-lkprLQS2_aS1wK0-5V1sZUTvB9kw-SI1Htxu2fCIvL3zRVryRrSu8H\/w640-h640\/CapaLPFront.jpg\" alt=\"\"\/><\/figure>\n\n\n\n<figure class=\"wp-block-image size-large\"><img decoding=\"async\" src=\"https:\/\/blogger.googleusercontent.com\/img\/b\/R29vZ2xl\/AVvXsEgKhFUJ6HnE5eCxU5bexJF42Q6wzizKg4iEQPScKWMQgMjWX9ysNAeSSiWGPxTozjPoZs4EhyphenhyphenB_dQMyxogxyrh4Q4EgBuKKUM-FPSgAYtJEmkFBBI-_9IipVvldYdnTa6qy2wYoUPHmi4-uDXUj0UsduyLY77o96RO-g8hvTUlYeLHPL2afQoflroL9N1bj\/w640-h630\/CapaLPBack.jpg\" alt=\"\"\/><\/figure>\n\n\n\n<figure class=\"wp-block-image size-large\"><img decoding=\"async\" src=\"https:\/\/blogger.googleusercontent.com\/img\/b\/R29vZ2xl\/AVvXsEhTqA6Yt_AUHtGfImPO7WUcv49M7KhcaqzoiYpnZ8DUXpWXUtpF2UidwCMBGZoS3-Ew7xEAXqHhJDN4fBizdRVT5nUmBd-VA5RSY9UaWo6hu8D4IsxU5GJHHEepw_-R9b79ITx6TwY2e_XBuOKnegQEFgtl8tLN7Q8r36zd8ogX26CwsPRUpNk9Vo5QwVRu\/w640-h640\/R-434776-1345847130-6893.jpg\" alt=\"\"\/><\/figure>\n\n\n\n<figure class=\"wp-block-image size-large\"><img decoding=\"async\" src=\"https:\/\/blogger.googleusercontent.com\/img\/b\/R29vZ2xl\/AVvXsEjndlLS8naX0oLdhuO6T3K06jRATS2iwmCg75LcQFDfrE38mVL9rAXeioLM3LCt1CpBnQVda9C7BZl6dVf0W7dZzqGeKcNqK6TIY6dDE-8AkLNb-MOjEVI1ngz_ILs1FH0n24Zf3_oBz5wF9x_-zdq3br7k_c2qYl7kqNkbTgYtbSle3M7ThHMGCjBEKOj2\/w640-h626\/R-668149-1398428062-5646.jpg\" alt=\"\"\/><\/figure>\n\n\n<div class=\"separator\">Dia triste para a m\u00fasica, para n\u00f3s&#8230; L\u00e1 se foi o S\u00e9rgio Mendes, partiu para uma nova jornada. E n\u00f3s aqui, seguimos e mais que nunca, ouvindo tanta coisa bacana que ele nos deixou. Aqui no Toque Musical j\u00e1 postamos muitos discos dele e hoje fazemos esta postagem em sua homenagem. Uma coisa que nem sempre temos feito, ainda mais nesses tempos onde temos perdido tantos grandes nomes da m\u00fasica brasileira, um atr\u00e1s do outro&#8230; Melhor n\u00e3o&#8230; Sen\u00e3o, logo seremos chamados de Toque Final e n\u00e3o Musical. Piadinhas a parte, vamos ao \u00e1lbum, &#8220;Primal Roots&#8221;, aqui no Brasil lan\u00e7ado como &#8220;Ra\u00edzes&#8221;, tamb\u00e9m 1972. Entre tantos discos, este \u00e9 mais um dos seus excelentes trabalhos e por acaso, o \u00fanico dispon\u00edvel dos anos 70 que ainda n\u00e3o foi publicado\u00a0aqui. Repert\u00f3rio bacana, m\u00fasica brasileira de raiz com tempero apropriado para gringo degustar.\u00a0<\/div>\n<div class=\"separator\">\u00a0<\/div>\n<div class=\"separator\">promessas de pescador<\/div>\n<div class=\"separator\">ap\u00f3s o amanhecer<\/div>\n<div class=\"separator\">canto de ubiratan<\/div>\n<div class=\"separator\">iemanj\u00e1<\/div>\n<div class=\"separator\">pomba gira<\/div>\n<div class=\"separator\">jogo de roda<\/div>\n<div class=\"separator\">promessa de pescador<\/div>\n<div class=\"separator\">\u00a0<\/div>\n<div class=\"separator\">\u00a0<\/div>\n<div class=\"separator\">.<\/div>","protected":false},"excerpt":{"rendered":"<p>Dia triste para a m\u00fasica, para n\u00f3s&#8230; L\u00e1 se foi o S\u00e9rgio Mendes, partiu para uma nova jornada. E n\u00f3s aqui, seguimos e mais que nunca, ouvindo tanta coisa bacana que ele nos deixou. Aqui no Toque Musical j\u00e1 postamos &hellip; <a href=\"https:\/\/www.toque-musicall.com\/?p=10670\">Continue lendo <span class=\"meta-nav\">&rarr;<\/span><\/a><\/p>\n","protected":false},"author":1,"featured_media":0,"comment_status":"closed","ping_status":"closed","sticky":false,"template":"","format":"standard","meta":{"footnotes":""},"categories":[1],"tags":[4082,3064],"class_list":["post-10670","post","type-post","status-publish","format-standard","hentry","category-sem-categoria","tag-selo-am-records","tag-sergio-mendes"],"_links":{"self":[{"href":"https:\/\/www.toque-musicall.com\/index.php?rest_route=\/wp\/v2\/posts\/10670","targetHints":{"allow":["GET"]}}],"collection":[{"href":"https:\/\/www.toque-musicall.com\/index.php?rest_route=\/wp\/v2\/posts"}],"about":[{"href":"https:\/\/www.toque-musicall.com\/index.php?rest_route=\/wp\/v2\/types\/post"}],"author":[{"embeddable":true,"href":"https:\/\/www.toque-musicall.com\/index.php?rest_route=\/wp\/v2\/users\/1"}],"replies":[{"embeddable":true,"href":"https:\/\/www.toque-musicall.com\/index.php?rest_route=%2Fwp%2Fv2%2Fcomments&post=10670"}],"version-history":[{"count":1,"href":"https:\/\/www.toque-musicall.com\/index.php?rest_route=\/wp\/v2\/posts\/10670\/revisions"}],"predecessor-version":[{"id":10671,"href":"https:\/\/www.toque-musicall.com\/index.php?rest_route=\/wp\/v2\/posts\/10670\/revisions\/10671"}],"wp:attachment":[{"href":"https:\/\/www.toque-musicall.com\/index.php?rest_route=%2Fwp%2Fv2%2Fmedia&parent=10670"}],"wp:term":[{"taxonomy":"category","embeddable":true,"href":"https:\/\/www.toque-musicall.com\/index.php?rest_route=%2Fwp%2Fv2%2Fcategories&post=10670"},{"taxonomy":"post_tag","embeddable":true,"href":"https:\/\/www.toque-musicall.com\/index.php?rest_route=%2Fwp%2Fv2%2Ftags&post=10670"}],"curies":[{"name":"wp","href":"https:\/\/api.w.org\/{rel}","templated":true}]}}