{"id":10672,"date":"2024-09-07T18:56:11","date_gmt":"2024-09-07T21:56:11","guid":{"rendered":"https:\/\/www.toque-musicall.com\/?p=10672"},"modified":"2024-09-08T18:57:58","modified_gmt":"2024-09-08T21:57:58","slug":"vinicius-cantuaria-rio-negro-1991","status":"publish","type":"post","link":"https:\/\/www.toque-musicall.com\/?p=10672","title":{"rendered":"Vinicius Cantu\u00e1ria &#8211; Rio Negro (1991)"},"content":{"rendered":"\n<figure class=\"wp-block-image size-large\"><img decoding=\"async\" src=\"https:\/\/blogger.googleusercontent.com\/img\/b\/R29vZ2xl\/AVvXsEhYdp-dENRNa8T_6Ght9J8CowD8pAiqf0CyQ3s1NIIAmVvE-p8AsYlcnWilbGsBPrAk_Ouy_3Y7SDG659FV0ZKSJDQcpWEqng75jc4vRDbQmFLw5fziiENSf9cpDkHhzDX3434IYoz2ZZLYbcw8UCg_B9BfoXpH_6LTXAKDhFYP2JkesFVOXaq-5tNpXKjU\/w624-h640\/Capturar.JPG\" alt=\"\"\/><\/figure>\n\n\n\n<figure class=\"wp-block-image size-large\"><img decoding=\"async\" src=\"https:\/\/blogger.googleusercontent.com\/img\/b\/R29vZ2xl\/AVvXsEh3o3nAAy7W9Mk7imJKplFoZSoY_-5sprYx99gNdb92VG3SPpsKna2LoHmH17z2AZgy0Ex1LroIemompwMbcv2OMhlqdrXBXELplNCYGDKtOiRmebPf5XxtTiUSATXoWiVYAAPLl0nIsVnsDX8kN0BALBrOH_a4OAnyxLY7BgyTmyCQhlnGDGwPm0ugdXVx\/w640-h636\/Capturarb.JPG\" alt=\"\"\/><\/figure>\n\n\n<div class=\"separator\">Vin\u00edcius Cantu\u00e1ria \u00e9 um artista que ainda n\u00e3o tinha passado por aqui, ent\u00e3o, boa oportunidade \u00e9 hoje, neste m\u00eas de setembro, onde iremos destacar os lan\u00e7amentos e curiosidades das d\u00e9cadas mais recentes. E assim, vai um disco do Vin\u00edcius Cantu\u00e1ria, o sexto de sua carreira, lan\u00e7ado em 1991 pelo selo Chorus\/Som Livre. Cantu\u00e1ria \u00e9 um m\u00fasico, multinstrumentista, cantor e compositor de origem amazonese. Sua atua\u00e7\u00e3o profissional come\u00e7a no in\u00edcio dos anos 70. Foi baterista do Ter\u00e7o, da Banda At\u00f4mica de Jorge Mautner e tamb\u00e9m tocou com m\u00fasicos como Caetano Veloso, Gil e Luiz Melodia. Gravou seu primeiro disco em 1982. De l\u00e1 pra c\u00e1 j\u00e1 foram mais de 20 discos e cada vez mais longe do pop, numa postura bem madura em rela\u00e7\u00e3o a aut\u00eantica m\u00fasica popular brasileira. Em &#8220;Rio Negro&#8221; j\u00e1 se percebe isso, um disco com mais preten\u00e7\u00f5es de qualidade musical e po\u00e9tica do que em busca do sucesso imediato. Por\u00e9m, duas m\u00fasicas deste disco fez muito sucesso, &#8220;O grande lan\u00e7e \u00e9 fazer romance&#8221; e &#8220;Garotos&#8221;. Curiosamente, h\u00e1 uma outra m\u00fasica, talvez um pouco mais antiga, tamb\u00e9m sucesso do pop nacional, &#8220;Garotos II &#8211; O outro lado&#8221;, de Leoni que \u00e9 bem parecida com essa de Cantu\u00e1ria. Mas, &#8220;Rio Negro&#8221; \u00e9 um disco que vale a pena ouvir. Participam deste trabalho convidados como Chico Buarque, Lulu Santos, Arthur Maia, Victor Biglione e mais um monte de feras, o que garante ser este um trabalho da melhor qualidade. Confiram&#8230;<\/div>\n<div class=\"separator\">\u00a0<\/div>\n<div class=\"separator\">somos todos \u00edndios<\/div>\n<div class=\"separator\">garotos<\/div>\n<div class=\"separator\">meu destino<\/div>\n<div class=\"separator\">serei feliz?<\/div>\n<div class=\"separator\">luto real<\/div>\n<div class=\"separator\">brinco<\/div>\n<div class=\"separator\">rio negro<\/div>\n<div class=\"separator\">o grande lance \u00e9 fazer romance<\/div>\n<div class=\"separator\">joia<\/div>\n<div class=\"separator\">\u00a0<\/div>\n<div class=\"separator\">\u00a0<\/div>\n<div class=\"separator\">.<\/div>","protected":false},"excerpt":{"rendered":"<p>Vin\u00edcius Cantu\u00e1ria \u00e9 um artista que ainda n\u00e3o tinha passado por aqui, ent\u00e3o, boa oportunidade \u00e9 hoje, neste m\u00eas de setembro, onde iremos destacar os lan\u00e7amentos e curiosidades das d\u00e9cadas mais recentes. E assim, vai um disco do Vin\u00edcius Cantu\u00e1ria, &hellip; <a href=\"https:\/\/www.toque-musicall.com\/?p=10672\">Continue lendo <span class=\"meta-nav\">&rarr;<\/span><\/a><\/p>\n","protected":false},"author":1,"featured_media":0,"comment_status":"closed","ping_status":"closed","sticky":false,"template":"","format":"standard","meta":{"footnotes":""},"categories":[1],"tags":[5752,5751],"class_list":["post-10672","post","type-post","status-publish","format-standard","hentry","category-sem-categoria","tag-selo-chorus","tag-vinicius-cantuaria"],"_links":{"self":[{"href":"https:\/\/www.toque-musicall.com\/index.php?rest_route=\/wp\/v2\/posts\/10672","targetHints":{"allow":["GET"]}}],"collection":[{"href":"https:\/\/www.toque-musicall.com\/index.php?rest_route=\/wp\/v2\/posts"}],"about":[{"href":"https:\/\/www.toque-musicall.com\/index.php?rest_route=\/wp\/v2\/types\/post"}],"author":[{"embeddable":true,"href":"https:\/\/www.toque-musicall.com\/index.php?rest_route=\/wp\/v2\/users\/1"}],"replies":[{"embeddable":true,"href":"https:\/\/www.toque-musicall.com\/index.php?rest_route=%2Fwp%2Fv2%2Fcomments&post=10672"}],"version-history":[{"count":1,"href":"https:\/\/www.toque-musicall.com\/index.php?rest_route=\/wp\/v2\/posts\/10672\/revisions"}],"predecessor-version":[{"id":10673,"href":"https:\/\/www.toque-musicall.com\/index.php?rest_route=\/wp\/v2\/posts\/10672\/revisions\/10673"}],"wp:attachment":[{"href":"https:\/\/www.toque-musicall.com\/index.php?rest_route=%2Fwp%2Fv2%2Fmedia&parent=10672"}],"wp:term":[{"taxonomy":"category","embeddable":true,"href":"https:\/\/www.toque-musicall.com\/index.php?rest_route=%2Fwp%2Fv2%2Fcategories&post=10672"},{"taxonomy":"post_tag","embeddable":true,"href":"https:\/\/www.toque-musicall.com\/index.php?rest_route=%2Fwp%2Fv2%2Ftags&post=10672"}],"curies":[{"name":"wp","href":"https:\/\/api.w.org\/{rel}","templated":true}]}}