{"id":10674,"date":"2024-09-08T19:00:03","date_gmt":"2024-09-08T22:00:03","guid":{"rendered":"https:\/\/www.toque-musicall.com\/?p=10674"},"modified":"2024-09-08T19:00:43","modified_gmt":"2024-09-08T22:00:43","slug":"andre-geraissati-entre-duas-palavras-1982","status":"publish","type":"post","link":"https:\/\/www.toque-musicall.com\/?p=10674","title":{"rendered":"Andr\u00e9 Geraissati &#8211; Entre Duas Palavras (1982)\u00a0"},"content":{"rendered":"\n<figure class=\"wp-block-image size-large\"><img decoding=\"async\" src=\"https:\/\/blogger.googleusercontent.com\/img\/b\/R29vZ2xl\/AVvXsEjiRQsKQAcMRFGabIKwGelX7-soarJaQEAq1fzOMmZA9fR5XJ1Y0F1fSeqdz9VOlaSTweZBLuModGuSfVH2PBgrA3OJeUunGkOGXKm9cgZMJ6X3PxE2GdocyengOuJSWxpac53BH2QrOwz6tUTtnx0k-JRAE01bT7qHa5qki-eLU3WnF5pdmWzT9xicWL-0\/w640-h640\/Capturar.JPG\" alt=\"\"\/><\/figure>\n\n\n\n<figure class=\"wp-block-image size-large\"><img decoding=\"async\" src=\"https:\/\/blogger.googleusercontent.com\/img\/b\/R29vZ2xl\/AVvXsEiZAKDyiIAueeCufIyCDcW7noqtmSQi_mAMjMSAi9D1jZ5v2lPWAnMRzZYpWP9BxxjzYHp9uecSGVfm_4IbQ-XufoDInSXXkctOTrHOSWbR8-cQBS__tfEK3CfHiYf3rvJJVM28BC43jEuvixfRB7omXasgKmdI7Tds_O9pjXKkrYpPs32lwtBG8ODH62Oo\/w640-h636\/Capturarb.JPG\" alt=\"\"\/><\/figure>\n\n\n<div class=\"separator\">Na diversidade musical de nossos encontros di\u00e1rios, hoje vamos com Andr\u00e9 Geraissati, violonista, compositor e produtor musical. Um artista que infelizmente o Brasil n\u00e3o conhece como deveria. M\u00fasico de renome internacional. J\u00e1 o apresentamos aqui no Toque Musical outras vezes e agora trazemos ele de volta em seu primeiro \u00e1lbum solo, lan\u00e7ado em 1982 pelo selo Carmo, de Egberto Gismonti, que por sinal participa do disco e \u00e9 tamb\u00e9m o produtor. Trabalho maravilhoso para quem gosta de m\u00fasica instrumental. Confiram&#8230;<\/div>\n<div class=\"separator\">\u00a0<\/div>\n<div class=\"separator\">entre duas palavras<\/div>\n<div class=\"separator\">lagoa silenciosa<\/div>\n<div class=\"separator\">entre duas palavras<\/div>\n<div class=\"separator\">cedral\/corumb\u00e1<\/div>\n<div class=\"separator\">m\u00e1gico<\/div>\n<div class=\"separator\">imagem<\/div>\n<div class=\"separator\">\u00a0<\/div>\n<div class=\"separator\">\u00a0<\/div>","protected":false},"excerpt":{"rendered":"<p>Na diversidade musical de nossos encontros di\u00e1rios, hoje vamos com Andr\u00e9 Geraissati, violonista, compositor e produtor musical. Um artista que infelizmente o Brasil n\u00e3o conhece como deveria. M\u00fasico de renome internacional. J\u00e1 o apresentamos aqui no Toque Musical outras vezes &hellip; <a href=\"https:\/\/www.toque-musicall.com\/?p=10674\">Continue lendo <span class=\"meta-nav\">&rarr;<\/span><\/a><\/p>\n","protected":false},"author":1,"featured_media":0,"comment_status":"closed","ping_status":"closed","sticky":false,"template":"","format":"standard","meta":{"footnotes":""},"categories":[1],"tags":[5753,5752],"class_list":["post-10674","post","type-post","status-publish","format-standard","hentry","category-sem-categoria","tag-andre-geraissati","tag-selo-chorus"],"_links":{"self":[{"href":"https:\/\/www.toque-musicall.com\/index.php?rest_route=\/wp\/v2\/posts\/10674","targetHints":{"allow":["GET"]}}],"collection":[{"href":"https:\/\/www.toque-musicall.com\/index.php?rest_route=\/wp\/v2\/posts"}],"about":[{"href":"https:\/\/www.toque-musicall.com\/index.php?rest_route=\/wp\/v2\/types\/post"}],"author":[{"embeddable":true,"href":"https:\/\/www.toque-musicall.com\/index.php?rest_route=\/wp\/v2\/users\/1"}],"replies":[{"embeddable":true,"href":"https:\/\/www.toque-musicall.com\/index.php?rest_route=%2Fwp%2Fv2%2Fcomments&post=10674"}],"version-history":[{"count":1,"href":"https:\/\/www.toque-musicall.com\/index.php?rest_route=\/wp\/v2\/posts\/10674\/revisions"}],"predecessor-version":[{"id":10675,"href":"https:\/\/www.toque-musicall.com\/index.php?rest_route=\/wp\/v2\/posts\/10674\/revisions\/10675"}],"wp:attachment":[{"href":"https:\/\/www.toque-musicall.com\/index.php?rest_route=%2Fwp%2Fv2%2Fmedia&parent=10674"}],"wp:term":[{"taxonomy":"category","embeddable":true,"href":"https:\/\/www.toque-musicall.com\/index.php?rest_route=%2Fwp%2Fv2%2Fcategories&post=10674"},{"taxonomy":"post_tag","embeddable":true,"href":"https:\/\/www.toque-musicall.com\/index.php?rest_route=%2Fwp%2Fv2%2Ftags&post=10674"}],"curies":[{"name":"wp","href":"https:\/\/api.w.org\/{rel}","templated":true}]}}