{"id":10684,"date":"2024-09-10T19:05:51","date_gmt":"2024-09-10T22:05:51","guid":{"rendered":"https:\/\/www.toque-musicall.com\/?p=10684"},"modified":"2024-09-10T19:05:51","modified_gmt":"2024-09-10T22:05:51","slug":"black-future-eu-sou-o-rio-1988","status":"publish","type":"post","link":"https:\/\/www.toque-musicall.com\/?p=10684","title":{"rendered":"Black Future &#8211; Eu Sou O Rio (1988)"},"content":{"rendered":"\n<figure class=\"wp-block-image size-large\"><img decoding=\"async\" src=\"https:\/\/blogger.googleusercontent.com\/img\/b\/R29vZ2xl\/AVvXsEhuZeLxDFEuAZKk4VMA_u04vGY6GHCmxnmVQKBJQ195RMh-JiFwGnZm_RiuuL09TP3o03z8y4MXs-sKZCSzLLSfJjaN8oxZFkCVN3Egl2oytqSMsDzjcLK21iECuuCLOe0YfhJCqgQB2TmlrLrB9RC5DHzebgnfe9UKoL0dMa0H1MSNXZa9SmLmAWn0P9ad\/w640-h634\/Capturar.JPG\" alt=\"\"\/><\/figure>\n\n\n\n<figure class=\"wp-block-image size-large\"><img decoding=\"async\" src=\"https:\/\/blogger.googleusercontent.com\/img\/b\/R29vZ2xl\/AVvXsEjXI8zZOd-KnR9hjmb6Tp6iWPVyF29Lwkhwoj-Y4ZmPD2NnZmxjp4J4VuoRNqy8zDyJRiXPtNl7avBVJSeD4Z2oHd9cnTM5MQTKCa4PdipuDZrmPnUIhHGIEzbs2DKNKZYUPZiDq2XBM-PmbPJhpCBcPsHA74HlVYWjMjZ4gDZzZxPgLw-Ha6Ps4asbcNNn\/w632-h640\/Capturarb.JPG\" alt=\"\"\/><\/figure>\n\n\n<div class=\"separator\">Na colcha de retalhos que j\u00e1 demonstra ser setembro, temos para hoje este disco da banda de rock carioca Black Future. Foi o disco de estr\u00e9ia deste grupo carioca que fazia uma mistura de elementos do p\u00f3s punk com rock experimental e at\u00e9 samba. &#8220;Eu sou o Rio&#8221; foi um lp produzido por Thoma Pappon, da banda Fellini, que tamb\u00e9m participa em algumas faixas. Da mesma forma, tem tamb\u00e9m as participa\u00e7\u00f5es especiais de figurinhas de peso do rock\/pop nacional como Edgar Scandurra, Paulo Miklos, Chacal, Edu K e outros&#8230; \u00c9, sem d\u00favida, um disco da melhor qualidade, das coisas boas produzidas no rock\/pop nacional nos anos 80.<\/div>\n<div class=\"separator\">\u00a0<\/div>\n<div class=\"separator\">dan\u00e7a da chuva (introdu\u00e7\u00e3o)<\/div>\n<div class=\"separator\">interrup\u00e7\u00e3o<\/div>\n<div class=\"separator\">no nights<\/div>\n<div class=\"separator\">sinfonia para um morto<\/div>\n<div class=\"separator\">reflexo<\/div>\n<div class=\"separator\">piada<\/div>\n<div class=\"separator\">eu sou o rio<\/div>\n<div class=\"separator\">teatro do horror<\/div>\n<div class=\"separator\">cartas do absurdo<\/div>\n<div class=\"separator\">bem depois<\/div>\n<div class=\"separator\">thor e loki<\/div>\n<div class=\"separator\">\u00a0<\/div>\n<div class=\"separator\">\u00a0<\/div>\n<div class=\"separator\">.<\/div>\n<div class=\"separator\">\u00a0<\/div>\n<div class=\"separator\">\u00a0<\/div>","protected":false},"excerpt":{"rendered":"<p>Na colcha de retalhos que j\u00e1 demonstra ser setembro, temos para hoje este disco da banda de rock carioca Black Future. Foi o disco de estr\u00e9ia deste grupo carioca que fazia uma mistura de elementos do p\u00f3s punk com rock &hellip; <a href=\"https:\/\/www.toque-musicall.com\/?p=10684\">Continue lendo <span class=\"meta-nav\">&rarr;<\/span><\/a><\/p>\n","protected":false},"author":1,"featured_media":0,"comment_status":"closed","ping_status":"closed","sticky":false,"template":"","format":"standard","meta":{"footnotes":""},"categories":[1],"tags":[5760,3061],"class_list":["post-10684","post","type-post","status-publish","format-standard","hentry","category-sem-categoria","tag-black-future","tag-selo-rca-victor"],"_links":{"self":[{"href":"https:\/\/www.toque-musicall.com\/index.php?rest_route=\/wp\/v2\/posts\/10684","targetHints":{"allow":["GET"]}}],"collection":[{"href":"https:\/\/www.toque-musicall.com\/index.php?rest_route=\/wp\/v2\/posts"}],"about":[{"href":"https:\/\/www.toque-musicall.com\/index.php?rest_route=\/wp\/v2\/types\/post"}],"author":[{"embeddable":true,"href":"https:\/\/www.toque-musicall.com\/index.php?rest_route=\/wp\/v2\/users\/1"}],"replies":[{"embeddable":true,"href":"https:\/\/www.toque-musicall.com\/index.php?rest_route=%2Fwp%2Fv2%2Fcomments&post=10684"}],"version-history":[{"count":1,"href":"https:\/\/www.toque-musicall.com\/index.php?rest_route=\/wp\/v2\/posts\/10684\/revisions"}],"predecessor-version":[{"id":10685,"href":"https:\/\/www.toque-musicall.com\/index.php?rest_route=\/wp\/v2\/posts\/10684\/revisions\/10685"}],"wp:attachment":[{"href":"https:\/\/www.toque-musicall.com\/index.php?rest_route=%2Fwp%2Fv2%2Fmedia&parent=10684"}],"wp:term":[{"taxonomy":"category","embeddable":true,"href":"https:\/\/www.toque-musicall.com\/index.php?rest_route=%2Fwp%2Fv2%2Fcategories&post=10684"},{"taxonomy":"post_tag","embeddable":true,"href":"https:\/\/www.toque-musicall.com\/index.php?rest_route=%2Fwp%2Fv2%2Ftags&post=10684"}],"curies":[{"name":"wp","href":"https:\/\/api.w.org\/{rel}","templated":true}]}}