{"id":10689,"date":"2024-09-13T16:16:25","date_gmt":"2024-09-13T19:16:25","guid":{"rendered":"https:\/\/www.toque-musicall.com\/?p=10689"},"modified":"2024-09-16T18:39:46","modified_gmt":"2024-09-16T21:39:46","slug":"the-evil-seven-acts-to-apocalypse-2023","status":"publish","type":"post","link":"https:\/\/www.toque-musicall.com\/?p=10689","title":{"rendered":"The Evil &#8211; Seven Acts To Apocalypse (2023)"},"content":{"rendered":"\n<figure class=\"wp-block-image size-large\"><img decoding=\"async\" src=\"https:\/\/blogger.googleusercontent.com\/img\/b\/R29vZ2xl\/AVvXsEhRI2uKnIP8mUcx-F-XdtcC73Dk6uI9NhmkB5Sj4g3StEiXP6vmMd998Rdd4K8puKg-GCLgjEo7rgzJW-UVO0d6fP0pVzhaLc1Sc3FD2rkOWboe4gJ4711TMgdQh3ZL_Qqv6Y7JhIbhh1xcsv35Mmjd3UI9Di-aExIW9_ibgpllo0D2M7wr9sFkBdbgkoMj\/w640-h634\/Capturar.JPG\" alt=\"\"\/><\/figure>\n\n\n\n<figure class=\"wp-block-image size-large\"><img decoding=\"async\" src=\"https:\/\/blogger.googleusercontent.com\/img\/b\/R29vZ2xl\/AVvXsEia-MjXyoBEzwmuqHsaYHqE1x34QuM_fY0ORcQzPLGl8nEg_Ogy1NDzzvIalA3zwH6JGJ-v9ib22A7VN0lEwNRrVzD6TRmvfj3RqIAFkdMBR8WoiQbkFVxTrvdtv8maGhQEzHN5OfLH4PbjC-xN3mO7n70knm_oacBeGFu6NLusnTqKDfY44IleSqSdU1PJ\/w638-h640\/Capturarb.JPG\" alt=\"\"\/><\/figure>\n\n\n<div class=\"separator\">Do punk de ontem, passamos hoje para o metal e no caso aqui, um lan\u00e7amento recente, do ano passado. Apresento a voc\u00eas, &#8220;The Evil &#8211; Seven Acts To Apocalypse&#8221;, segundo \u00e1lbum desta sinistra banda de &#8216;doom-metal&#8217;, um subg\u00eanero do heavy metal pautado no peso, em um andamento lento e arrastado. Uma trilha bem torturante, sombria. E no caso aqui faz todo o sentido, inclusive pelo tema tratado, &#8220;Seven acts to Apocalypse&#8221;, aborda os sete pecados capitais, tamb\u00e9m conhecidos como v\u00edcios capitais ou pecados cardeais. O trabalho musicalmente falando (e para o g\u00eanero) \u00e9 muito bom. Tanto assim que recebeu \u00f3timas cr\u00edticas de revistas especializadas. O curioso e tamb\u00e9m o motivo de estar sendo postado em nosso Toque Musical \u00e9 que o The Evil \u00e9 uma banda mineira, aqui mesmo de Belo Horizonte. Formada por excelentes m\u00fasicos da cena rock e metal da cidade. Neste disco eles se apresentam com pseud\u00f4nimos e tamb\u00e9m n\u00e3o mostram suas caras. The Evil \u00e9 um quarteto formado por: Theophylactus (baixo), Saenger (bateria), Iossif (guitarras) e Mistres Wournous (vocal). Todos m\u00fasicos oriundos de bandas como Sepultura, Sarc\u00f3fago, Chakal, Pesta, Melissa, Vol. 4, Sabbra Cadabra e outras.<\/div>\n<div class=\"separator\">Este \u00e1lbum foi lan\u00e7ado pelo selo franc\u00eas Osmose Productions e somente dentro do mercado europeu. Aqui no Brasil, os interessados tem que desembolsar uma nota preta para importar o lp que \u00e9 verdadeiramente um luxo, vinil 180 gramas, capa dupla, inclu\u00edndo encartes, poster e livreto, tudo muito bem impresso. Padr\u00e3o europeu. E a prop\u00f3sito, as fotografias do \u00e1lbum s\u00e3o minhas \ud83d\ude42<\/div>\n<div class=\"separator\">Confiram no GTM, completo e com direito a fotos extras \ud83d\ude09<\/div>\n<div class=\"separator\">\u00a0<\/div>\n<div class=\"separator\">envy<\/div>\n<div class=\"separator\">pride<\/div>\n<div class=\"separator\">greed<\/div>\n<div class=\"separator\">sloth<\/div>\n<div class=\"separator\">lust<\/div>\n<div class=\"separator\">voracity<\/div>\n<div class=\"separator\">wrath<\/div>\n<div class=\"separator\">\u00a0<\/div>\n<div class=\"separator\">\u00a0<\/div>","protected":false},"excerpt":{"rendered":"<p>Do punk de ontem, passamos hoje para o metal e no caso aqui, um lan\u00e7amento recente, do ano passado. Apresento a voc\u00eas, &#8220;The Evil &#8211; Seven Acts To Apocalypse&#8221;, segundo \u00e1lbum desta sinistra banda de &#8216;doom-metal&#8217;, um subg\u00eanero do heavy &hellip; <a href=\"https:\/\/www.toque-musicall.com\/?p=10689\">Continue lendo <span class=\"meta-nav\">&rarr;<\/span><\/a><\/p>\n","protected":false},"author":1,"featured_media":0,"comment_status":"closed","ping_status":"closed","sticky":false,"template":"","format":"standard","meta":{"footnotes":""},"categories":[1],"tags":[5763,5762],"class_list":["post-10689","post","type-post","status-publish","format-standard","hentry","category-sem-categoria","tag-selo-osmose-productions","tag-the-evil"],"_links":{"self":[{"href":"https:\/\/www.toque-musicall.com\/index.php?rest_route=\/wp\/v2\/posts\/10689","targetHints":{"allow":["GET"]}}],"collection":[{"href":"https:\/\/www.toque-musicall.com\/index.php?rest_route=\/wp\/v2\/posts"}],"about":[{"href":"https:\/\/www.toque-musicall.com\/index.php?rest_route=\/wp\/v2\/types\/post"}],"author":[{"embeddable":true,"href":"https:\/\/www.toque-musicall.com\/index.php?rest_route=\/wp\/v2\/users\/1"}],"replies":[{"embeddable":true,"href":"https:\/\/www.toque-musicall.com\/index.php?rest_route=%2Fwp%2Fv2%2Fcomments&post=10689"}],"version-history":[{"count":5,"href":"https:\/\/www.toque-musicall.com\/index.php?rest_route=\/wp\/v2\/posts\/10689\/revisions"}],"predecessor-version":[{"id":10704,"href":"https:\/\/www.toque-musicall.com\/index.php?rest_route=\/wp\/v2\/posts\/10689\/revisions\/10704"}],"wp:attachment":[{"href":"https:\/\/www.toque-musicall.com\/index.php?rest_route=%2Fwp%2Fv2%2Fmedia&parent=10689"}],"wp:term":[{"taxonomy":"category","embeddable":true,"href":"https:\/\/www.toque-musicall.com\/index.php?rest_route=%2Fwp%2Fv2%2Fcategories&post=10689"},{"taxonomy":"post_tag","embeddable":true,"href":"https:\/\/www.toque-musicall.com\/index.php?rest_route=%2Fwp%2Fv2%2Ftags&post=10689"}],"curies":[{"name":"wp","href":"https:\/\/api.w.org\/{rel}","templated":true}]}}