{"id":107,"date":"2012-03-27T10:42:00","date_gmt":"2012-03-27T10:42:00","guid":{"rendered":"http:\/\/www.toque-musicall.com\/?p=107"},"modified":"2012-03-27T10:42:00","modified_gmt":"2012-03-27T10:42:00","slug":"os-bambas-o-melhor-em-samba-com-os-bambas-1969","status":"publish","type":"post","link":"https:\/\/www.toque-musicall.com\/?p=107","title":{"rendered":"Os Bambas &#8211; O Melhor Em Samba Com Os Bambas (1969)"},"content":{"rendered":"<p><a href=\"http:\/\/2.bp.blogspot.com\/-EgHY6ByNmxw\/T3I-XDa9tCI\/AAAAAAAABVU\/JN0EFyGqbb0\/s1600\/capa+OS+BAMBASp.JPG\"><img decoding=\"async\" style=\"display:block; margin:0px auto 10px; text-align:center;cursor:pointer; cursor:hand;width: 400px; height: 388px;\" src=\"http:\/\/2.bp.blogspot.com\/-EgHY6ByNmxw\/T3I-XDa9tCI\/AAAAAAAABVU\/JN0EFyGqbb0\/s400\/capa+OS+BAMBASp.JPG\" border=\"0\" alt=\"\" \/><\/a><a href=\"http:\/\/2.bp.blogspot.com\/-8DmCMnSQOfI\/T3I-SZXk-9I\/AAAAAAAABVI\/K0UMOogLPBA\/s1600\/contracapaP.JPG\"><img decoding=\"async\" style=\"display:block; margin:0px auto 10px; text-align:center;cursor:pointer; cursor:hand;width: 400px; height: 398px;\" src=\"http:\/\/2.bp.blogspot.com\/-8DmCMnSQOfI\/T3I-SZXk-9I\/AAAAAAAABVI\/K0UMOogLPBA\/s400\/contracapaP.JPG\" border=\"0\" alt=\"\" \/><\/a>Boa noite meus prezados! Dia puxado, quase sem tempo para as nossas postagens. Como falei, nesta semana o ritmo aqui vai ser o samba. Nosso toque do dia (ou da noite) \u00e9 este \u00e1lbum lan\u00e7ado em 1969 pela CBS, atrav\u00e9s de seu selo Okeh. &#8220;Os Bambas&#8221;, grupo ao qual s\u00e3o creditados diversos discos de samba, lan\u00e7ados no final dos anos 60 e durante os 70 pela &#8216;subsidi\u00e1ria&#8217; da gravadora. Eu, sinceramente n\u00e3o fa\u00e7o a menor ideia de quem est\u00e1 por tr\u00e1s desses &#8216;Bambas&#8217;. Tenho para mim, que o nome foi apenas uma fachada. Quem j\u00e1 teve oportunidade de ouvir outros discos, talvez perceba, como eu, que o conjunto teve muitos bambas. E em nenhum dos discos temos uma ficha t\u00e9cnica. Fica claro, portanto, que Os Bambas  \u00e9 uma produ\u00e7\u00e3o essencialmente comercial, feita de encomenda. Uma maneira de juntar num \u00fanico disco sucessos de diferentes gravadoras. Uma f\u00f3rmula que deu muito certo. Bem porque, mesmo com um sentido comercial, a escolha de repert\u00f3rios e os pr\u00f3prios int\u00e9rpretes se faziam respeitando algumas qualidades.<\/p>\n<div>Em &#8220;O melhor em samba com Os Bambas&#8221; iremos encontrar uma sele\u00e7\u00e3o musical das mais interessantes<\/div>\n","protected":false},"excerpt":{"rendered":"<p>Boa noite meus prezados! Dia puxado, quase sem tempo para as nossas postagens. Como falei, nesta semana o ritmo aqui vai ser o samba. Nosso toque do dia (ou da noite) \u00e9 este \u00e1lbum lan\u00e7ado em 1969 pela CBS, atrav\u00e9s &hellip; <a href=\"https:\/\/www.toque-musicall.com\/?p=107\">Continue lendo <span class=\"meta-nav\">&rarr;<\/span><\/a><\/p>\n","protected":false},"author":1,"featured_media":0,"comment_status":"open","ping_status":"closed","sticky":false,"template":"","format":"standard","meta":{"footnotes":""},"categories":[187,186],"tags":[],"class_list":["post-107","post","type-post","status-publish","format-standard","hentry","category-os-bambas","category-selo-okeh"],"_links":{"self":[{"href":"https:\/\/www.toque-musicall.com\/index.php?rest_route=\/wp\/v2\/posts\/107","targetHints":{"allow":["GET"]}}],"collection":[{"href":"https:\/\/www.toque-musicall.com\/index.php?rest_route=\/wp\/v2\/posts"}],"about":[{"href":"https:\/\/www.toque-musicall.com\/index.php?rest_route=\/wp\/v2\/types\/post"}],"author":[{"embeddable":true,"href":"https:\/\/www.toque-musicall.com\/index.php?rest_route=\/wp\/v2\/users\/1"}],"replies":[{"embeddable":true,"href":"https:\/\/www.toque-musicall.com\/index.php?rest_route=%2Fwp%2Fv2%2Fcomments&post=107"}],"version-history":[{"count":0,"href":"https:\/\/www.toque-musicall.com\/index.php?rest_route=\/wp\/v2\/posts\/107\/revisions"}],"wp:attachment":[{"href":"https:\/\/www.toque-musicall.com\/index.php?rest_route=%2Fwp%2Fv2%2Fmedia&parent=107"}],"wp:term":[{"taxonomy":"category","embeddable":true,"href":"https:\/\/www.toque-musicall.com\/index.php?rest_route=%2Fwp%2Fv2%2Fcategories&post=107"},{"taxonomy":"post_tag","embeddable":true,"href":"https:\/\/www.toque-musicall.com\/index.php?rest_route=%2Fwp%2Fv2%2Ftags&post=107"}],"curies":[{"name":"wp","href":"https:\/\/api.w.org\/{rel}","templated":true}]}}